{"id":7491,"date":"2026-03-14T12:55:58","date_gmt":"2026-03-14T08:55:58","guid":{"rendered":"https:\/\/cari.az\/?p=7491"},"modified":"2026-03-14T12:55:59","modified_gmt":"2026-03-14T08:55:59","slug":"isiqli-meydanda-ilk-addimi-u-15-atdi","status":"publish","type":"post","link":"https:\/\/cari.az\/?p=7491","title":{"rendered":"\u0130\u015f\u0131ql\u0131 meydanda ilk add\u0131m\u0131 U-15 atd\u0131"},"content":{"rendered":"\n<p>\u201cK\u0259p\u0259z\u201d&nbsp;klubunun&nbsp;Futbol&nbsp;Akademiyas\u0131nda&nbsp;projektorlar\u0131n&nbsp;qura\u015fd\u0131r\u0131lmas\u0131&nbsp;i\u015fl\u0259ri&nbsp;yekunla\u015f\u0131b.&nbsp;<\/p>\n\n\n\n<p>Bununla&nbsp;da&nbsp;futbol\u00e7ular&nbsp;\u00fc\u00e7\u00fcn&nbsp;ax\u015fam&nbsp;saatlar\u0131nda&nbsp;m\u0259\u015fq&nbsp;etm\u0259k&nbsp;imkan\u0131&nbsp;yarad\u0131l\u0131b.&nbsp;<\/p>\n\n\n\n<p>\u0130\u015f\u0131qland\u0131r\u0131lm\u0131\u015f&nbsp;meydanda&nbsp;ilk&nbsp;m\u0259\u015fqi&nbsp;is\u0259&nbsp;G\u0259nc\u0259&nbsp;t\u0259msil\u00e7isinin&nbsp;U-15&nbsp;komandas\u0131&nbsp;ke\u00e7irib.&nbsp;G\u0259nc&nbsp;futbol\u00e7ular&nbsp;yeni&nbsp;\u015f\u0259raitd\u0259&nbsp;b\u00f6y\u00fck&nbsp;h\u0259v\u0259sl\u0259&nbsp;m\u0259\u015fq&nbsp;ed\u0259r\u0259k&nbsp;m\u0259\u015fq\u00e7il\u0259rin&nbsp;tap\u015f\u0131r\u0131qlar\u0131n\u0131&nbsp;yerin\u0259&nbsp;yetiribl\u0259r.&nbsp;<\/p>\n\n\n\n<p>M\u0259\u015fq&nbsp;prosesini&nbsp;klubun&nbsp;icra\u00e7\u0131&nbsp;direktoru&nbsp;Ruslan&nbsp;M\u0259mm\u0259dov&nbsp;v\u0259&nbsp;Akademiyan\u0131n&nbsp;koordinatoru&nbsp;Vasif&nbsp;V\u0259liyev&nbsp;d\u0259&nbsp;izl\u0259yibl\u0259r.<\/p>\n\n\n\n<p>Akademiyada&nbsp;apar\u0131lan&nbsp;bu&nbsp;yenilikl\u0259r&nbsp;g\u0259nc&nbsp;futbol\u00e7ular\u0131n&nbsp;daha&nbsp;yax\u015f\u0131&nbsp;\u015f\u0259raitd\u0259&nbsp;yeti\u015fm\u0259si&nbsp;v\u0259&nbsp;g\u0259l\u0259c\u0259k&nbsp;u\u011furlar&nbsp;\u00fc\u00e7\u00fcn&nbsp;vacib&nbsp;add\u0131mlardan&nbsp;biridir.<\/p>\n","protected":false},"excerpt":{"rendered":"<p>\u201cK\u0259p\u0259z\u201d&nbsp;klubunun&nbsp;Futbol&nbsp;Akademiyas\u0131nda&nbsp;projektorlar\u0131n&nbsp;qura\u015fd\u0131r\u0131lmas\u0131&nbsp;i\u015fl\u0259ri&nbsp;yekunla\u015f\u0131b.&nbsp; Bununla&nbsp;da&nbsp;futbol\u00e7ular&nbsp;\u00fc\u00e7\u00fcn&nbsp;ax\u015fam&nbsp;saatlar\u0131nda&nbsp;m\u0259\u015fq&nbsp;etm\u0259k&nbsp;imkan\u0131&nbsp;yarad\u0131l\u0131b.&nbsp; \u0130\u015f\u0131qland\u0131r\u0131lm\u0131\u015f&nbsp;meydanda&nbsp;ilk&nbsp;m\u0259\u015fqi&nbsp;is\u0259&nbsp;G\u0259nc\u0259&nbsp;t\u0259msil\u00e7isinin&nbsp;U-15&nbsp;komandas\u0131&nbsp;ke\u00e7irib.&nbsp;G\u0259nc&nbsp;futbol\u00e7ular&nbsp;yeni&nbsp;\u015f\u0259raitd\u0259&nbsp;b\u00f6y\u00fck&nbsp;h\u0259v\u0259sl\u0259&nbsp;m\u0259\u015fq&nbsp;ed\u0259r\u0259k&nbsp;m\u0259\u015fq\u00e7il\u0259rin&nbsp;tap\u015f\u0131r\u0131qlar\u0131n\u0131&nbsp;yerin\u0259&nbsp;yetiribl\u0259r.&nbsp; M\u0259\u015fq&nbsp;prosesini&nbsp;klubun&nbsp;icra\u00e7\u0131&nbsp;direktoru&nbsp;Ruslan&nbsp;M\u0259mm\u0259dov&nbsp;v\u0259&nbsp;Akademiyan\u0131n&nbsp;koordinatoru&nbsp;Vasif&nbsp;V\u0259liyev&nbsp;d\u0259&nbsp;izl\u0259yibl\u0259r. Akademiyada&nbsp;apar\u0131lan&nbsp;bu&nbsp;yenilikl\u0259r&nbsp;g\u0259nc&nbsp;futbol\u00e7ular\u0131n&nbsp;daha&nbsp;yax\u015f\u0131&nbsp;\u015f\u0259raitd\u0259&nbsp;yeti\u015fm\u0259si&nbsp;v\u0259&nbsp;g\u0259l\u0259c\u0259k&nbsp;u\u011furlar&nbsp;\u00fc\u00e7\u00fcn&nbsp;vacib&nbsp;add\u0131mlardan&nbsp;biridir.<\/p>\n","protected":false},"author":1,"featured_media":7492,"comment_status":"open","ping_status":"open","sticky":false,"template":"","format":"standard","meta":{"_coblocks_attr":"","_coblocks_dimensions":"","_coblocks_responsive_height":"","_coblocks_accordion_ie_support":"","footnotes":""},"categories":[10],"tags":[],"yoast_head":"<!-- This site is optimized with the Yoast SEO plugin v22.6 - https:\/\/yoast.com\/wordpress\/plugins\/seo\/ -->\n<title>\u0130\u015f\u0131ql\u0131 meydanda ilk add\u0131m\u0131 U-15 atd\u0131 - Cari.az<\/title>\n<meta name=\"robots\" content=\"index, follow, max-snippet:-1, max-image-preview:large, max-video-preview:-1\" \/>\n<link rel=\"canonical\" href=\"https:\/\/cari.az\/?p=7491\" \/>\n<meta property=\"og:locale\" content=\"az_AZ\" \/>\n<meta property=\"og:type\" content=\"article\" \/>\n<meta property=\"og:title\" content=\"\u0130\u015f\u0131ql\u0131 meydanda ilk add\u0131m\u0131 U-15 atd\u0131 - Cari.az\" \/>\n<meta property=\"og:description\" content=\"\u201cK\u0259p\u0259z\u201d&nbsp;klubunun&nbsp;Futbol&nbsp;Akademiyas\u0131nda&nbsp;projektorlar\u0131n&nbsp;qura\u015fd\u0131r\u0131lmas\u0131&nbsp;i\u015fl\u0259ri&nbsp;yekunla\u015f\u0131b.&nbsp; Bununla&nbsp;da&nbsp;futbol\u00e7ular&nbsp;\u00fc\u00e7\u00fcn&nbsp;ax\u015fam&nbsp;saatlar\u0131nda&nbsp;m\u0259\u015fq&nbsp;etm\u0259k&nbsp;imkan\u0131&nbsp;yarad\u0131l\u0131b.&nbsp; \u0130\u015f\u0131qland\u0131r\u0131lm\u0131\u015f&nbsp;meydanda&nbsp;ilk&nbsp;m\u0259\u015fqi&nbsp;is\u0259&nbsp;G\u0259nc\u0259&nbsp;t\u0259msil\u00e7isinin&nbsp;U-15&nbsp;komandas\u0131&nbsp;ke\u00e7irib.&nbsp;G\u0259nc&nbsp;futbol\u00e7ular&nbsp;yeni&nbsp;\u015f\u0259raitd\u0259&nbsp;b\u00f6y\u00fck&nbsp;h\u0259v\u0259sl\u0259&nbsp;m\u0259\u015fq&nbsp;ed\u0259r\u0259k&nbsp;m\u0259\u015fq\u00e7il\u0259rin&nbsp;tap\u015f\u0131r\u0131qlar\u0131n\u0131&nbsp;yerin\u0259&nbsp;yetiribl\u0259r.&nbsp; M\u0259\u015fq&nbsp;prosesini&nbsp;klubun&nbsp;icra\u00e7\u0131&nbsp;direktoru&nbsp;Ruslan&nbsp;M\u0259mm\u0259dov&nbsp;v\u0259&nbsp;Akademiyan\u0131n&nbsp;koordinatoru&nbsp;Vasif&nbsp;V\u0259liyev&nbsp;d\u0259&nbsp;izl\u0259yibl\u0259r. Akademiyada&nbsp;apar\u0131lan&nbsp;bu&nbsp;yenilikl\u0259r&nbsp;g\u0259nc&nbsp;futbol\u00e7ular\u0131n&nbsp;daha&nbsp;yax\u015f\u0131&nbsp;\u015f\u0259raitd\u0259&nbsp;yeti\u015fm\u0259si&nbsp;v\u0259&nbsp;g\u0259l\u0259c\u0259k&nbsp;u\u011furlar&nbsp;\u00fc\u00e7\u00fcn&nbsp;vacib&nbsp;add\u0131mlardan&nbsp;biridir.\" \/>\n<meta property=\"og:url\" content=\"https:\/\/cari.az\/?p=7491\" \/>\n<meta property=\"og:site_name\" content=\"Cari.az\" \/>\n<meta property=\"article:published_time\" content=\"2026-03-14T08:55:58+00:00\" \/>\n<meta property=\"article:modified_time\" content=\"2026-03-14T08:55:59+00:00\" \/>\n<meta property=\"og:image\" content=\"http:\/\/cari.az\/wp-content\/uploads\/2026\/03\/1773469612_ekran-sekli-2026-03-14-102530.png\" \/>\n\t<meta property=\"og:image:width\" content=\"1355\" \/>\n\t<meta property=\"og:image:height\" content=\"803\" \/>\n\t<meta property=\"og:image:type\" content=\"image\/png\" \/>\n<meta name=\"author\" content=\"Cari.az\" \/>\n<meta name=\"twitter:card\" content=\"summary_large_image\" \/>\n<meta name=\"twitter:label1\" content=\"Written by\" \/>\n\t<meta name=\"twitter:data1\" content=\"Cari.az\" \/>\n\t<meta name=\"twitter:label2\" content=\"Est. reading time\" \/>\n\t<meta name=\"twitter:data2\" content=\"1 minute\" \/>\n<script type=\"application\/ld+json\" class=\"yoast-schema-graph\">{\"@context\":\"https:\/\/schema.org\",\"@graph\":[{\"@type\":\"WebPage\",\"@id\":\"https:\/\/cari.az\/?p=7491\",\"url\":\"https:\/\/cari.az\/?p=7491\",\"name\":\"\u0130\u015f\u0131ql\u0131 meydanda ilk add\u0131m\u0131 U-15 atd\u0131 - Cari.az\",\"isPartOf\":{\"@id\":\"https:\/\/cari.az\/#website\"},\"primaryImageOfPage\":{\"@id\":\"https:\/\/cari.az\/?p=7491#primaryimage\"},\"image\":{\"@id\":\"https:\/\/cari.az\/?p=7491#primaryimage\"},\"thumbnailUrl\":\"https:\/\/cari.az\/wp-content\/uploads\/2026\/03\/1773469612_ekran-sekli-2026-03-14-102530.png\",\"datePublished\":\"2026-03-14T08:55:58+00:00\",\"dateModified\":\"2026-03-14T08:55:59+00:00\",\"author\":{\"@id\":\"https:\/\/cari.az\/#\/schema\/person\/e62b6d8f24db7344f8b69bb0282c707f\"},\"breadcrumb\":{\"@id\":\"https:\/\/cari.az\/?p=7491#breadcrumb\"},\"inLanguage\":\"az\",\"potentialAction\":[{\"@type\":\"ReadAction\",\"target\":[\"https:\/\/cari.az\/?p=7491\"]}]},{\"@type\":\"ImageObject\",\"inLanguage\":\"az\",\"@id\":\"https:\/\/cari.az\/?p=7491#primaryimage\",\"url\":\"https:\/\/cari.az\/wp-content\/uploads\/2026\/03\/1773469612_ekran-sekli-2026-03-14-102530.png\",\"contentUrl\":\"https:\/\/cari.az\/wp-content\/uploads\/2026\/03\/1773469612_ekran-sekli-2026-03-14-102530.png\",\"width\":1355,\"height\":803},{\"@type\":\"BreadcrumbList\",\"@id\":\"https:\/\/cari.az\/?p=7491#breadcrumb\",\"itemListElement\":[{\"@type\":\"ListItem\",\"position\":1,\"name\":\"Home\",\"item\":\"https:\/\/cari.az\/\"},{\"@type\":\"ListItem\",\"position\":2,\"name\":\"\u0130\u015f\u0131ql\u0131 meydanda ilk add\u0131m\u0131 U-15 atd\u0131\"}]},{\"@type\":\"WebSite\",\"@id\":\"https:\/\/cari.az\/#website\",\"url\":\"https:\/\/cari.az\/\",\"name\":\"Cari.az\",\"description\":\"\",\"potentialAction\":[{\"@type\":\"SearchAction\",\"target\":{\"@type\":\"EntryPoint\",\"urlTemplate\":\"https:\/\/cari.az\/?s={search_term_string}\"},\"query-input\":\"required name=search_term_string\"}],\"inLanguage\":\"az\"},{\"@type\":\"Person\",\"@id\":\"https:\/\/cari.az\/#\/schema\/person\/e62b6d8f24db7344f8b69bb0282c707f\",\"name\":\"Cari.az\",\"image\":{\"@type\":\"ImageObject\",\"inLanguage\":\"az\",\"@id\":\"https:\/\/cari.az\/#\/schema\/person\/image\/\",\"url\":\"https:\/\/secure.gravatar.com\/avatar\/492c8073cb40378886b9f79931f7d2ff?s=96&d=mm&r=g\",\"contentUrl\":\"https:\/\/secure.gravatar.com\/avatar\/492c8073cb40378886b9f79931f7d2ff?s=96&d=mm&r=g\",\"caption\":\"Cari.az\"},\"sameAs\":[\"http:\/\/cari.az\"],\"url\":\"https:\/\/cari.az\/?author=1\"}]}<\/script>\n<!-- \/ Yoast SEO plugin. -->","yoast_head_json":{"title":"\u0130\u015f\u0131ql\u0131 meydanda ilk add\u0131m\u0131 U-15 atd\u0131 - Cari.az","robots":{"index":"index","follow":"follow","max-snippet":"max-snippet:-1","max-image-preview":"max-image-preview:large","max-video-preview":"max-video-preview:-1"},"canonical":"https:\/\/cari.az\/?p=7491","og_locale":"az_AZ","og_type":"article","og_title":"\u0130\u015f\u0131ql\u0131 meydanda ilk add\u0131m\u0131 U-15 atd\u0131 - Cari.az","og_description":"\u201cK\u0259p\u0259z\u201d&nbsp;klubunun&nbsp;Futbol&nbsp;Akademiyas\u0131nda&nbsp;projektorlar\u0131n&nbsp;qura\u015fd\u0131r\u0131lmas\u0131&nbsp;i\u015fl\u0259ri&nbsp;yekunla\u015f\u0131b.&nbsp; Bununla&nbsp;da&nbsp;futbol\u00e7ular&nbsp;\u00fc\u00e7\u00fcn&nbsp;ax\u015fam&nbsp;saatlar\u0131nda&nbsp;m\u0259\u015fq&nbsp;etm\u0259k&nbsp;imkan\u0131&nbsp;yarad\u0131l\u0131b.&nbsp; \u0130\u015f\u0131qland\u0131r\u0131lm\u0131\u015f&nbsp;meydanda&nbsp;ilk&nbsp;m\u0259\u015fqi&nbsp;is\u0259&nbsp;G\u0259nc\u0259&nbsp;t\u0259msil\u00e7isinin&nbsp;U-15&nbsp;komandas\u0131&nbsp;ke\u00e7irib.&nbsp;G\u0259nc&nbsp;futbol\u00e7ular&nbsp;yeni&nbsp;\u015f\u0259raitd\u0259&nbsp;b\u00f6y\u00fck&nbsp;h\u0259v\u0259sl\u0259&nbsp;m\u0259\u015fq&nbsp;ed\u0259r\u0259k&nbsp;m\u0259\u015fq\u00e7il\u0259rin&nbsp;tap\u015f\u0131r\u0131qlar\u0131n\u0131&nbsp;yerin\u0259&nbsp;yetiribl\u0259r.&nbsp; M\u0259\u015fq&nbsp;prosesini&nbsp;klubun&nbsp;icra\u00e7\u0131&nbsp;direktoru&nbsp;Ruslan&nbsp;M\u0259mm\u0259dov&nbsp;v\u0259&nbsp;Akademiyan\u0131n&nbsp;koordinatoru&nbsp;Vasif&nbsp;V\u0259liyev&nbsp;d\u0259&nbsp;izl\u0259yibl\u0259r. Akademiyada&nbsp;apar\u0131lan&nbsp;bu&nbsp;yenilikl\u0259r&nbsp;g\u0259nc&nbsp;futbol\u00e7ular\u0131n&nbsp;daha&nbsp;yax\u015f\u0131&nbsp;\u015f\u0259raitd\u0259&nbsp;yeti\u015fm\u0259si&nbsp;v\u0259&nbsp;g\u0259l\u0259c\u0259k&nbsp;u\u011furlar&nbsp;\u00fc\u00e7\u00fcn&nbsp;vacib&nbsp;add\u0131mlardan&nbsp;biridir.","og_url":"https:\/\/cari.az\/?p=7491","og_site_name":"Cari.az","article_published_time":"2026-03-14T08:55:58+00:00","article_modified_time":"2026-03-14T08:55:59+00:00","og_image":[{"width":1355,"height":803,"url":"http:\/\/cari.az\/wp-content\/uploads\/2026\/03\/1773469612_ekran-sekli-2026-03-14-102530.png","type":"image\/png"}],"author":"Cari.az","twitter_card":"summary_large_image","twitter_misc":{"Written by":"Cari.az","Est. reading time":"1 minute"},"schema":{"@context":"https:\/\/schema.org","@graph":[{"@type":"WebPage","@id":"https:\/\/cari.az\/?p=7491","url":"https:\/\/cari.az\/?p=7491","name":"\u0130\u015f\u0131ql\u0131 meydanda ilk add\u0131m\u0131 U-15 atd\u0131 - Cari.az","isPartOf":{"@id":"https:\/\/cari.az\/#website"},"primaryImageOfPage":{"@id":"https:\/\/cari.az\/?p=7491#primaryimage"},"image":{"@id":"https:\/\/cari.az\/?p=7491#primaryimage"},"thumbnailUrl":"https:\/\/cari.az\/wp-content\/uploads\/2026\/03\/1773469612_ekran-sekli-2026-03-14-102530.png","datePublished":"2026-03-14T08:55:58+00:00","dateModified":"2026-03-14T08:55:59+00:00","author":{"@id":"https:\/\/cari.az\/#\/schema\/person\/e62b6d8f24db7344f8b69bb0282c707f"},"breadcrumb":{"@id":"https:\/\/cari.az\/?p=7491#breadcrumb"},"inLanguage":"az","potentialAction":[{"@type":"ReadAction","target":["https:\/\/cari.az\/?p=7491"]}]},{"@type":"ImageObject","inLanguage":"az","@id":"https:\/\/cari.az\/?p=7491#primaryimage","url":"https:\/\/cari.az\/wp-content\/uploads\/2026\/03\/1773469612_ekran-sekli-2026-03-14-102530.png","contentUrl":"https:\/\/cari.az\/wp-content\/uploads\/2026\/03\/1773469612_ekran-sekli-2026-03-14-102530.png","width":1355,"height":803},{"@type":"BreadcrumbList","@id":"https:\/\/cari.az\/?p=7491#breadcrumb","itemListElement":[{"@type":"ListItem","position":1,"name":"Home","item":"https:\/\/cari.az\/"},{"@type":"ListItem","position":2,"name":"\u0130\u015f\u0131ql\u0131 meydanda ilk add\u0131m\u0131 U-15 atd\u0131"}]},{"@type":"WebSite","@id":"https:\/\/cari.az\/#website","url":"https:\/\/cari.az\/","name":"Cari.az","description":"","potentialAction":[{"@type":"SearchAction","target":{"@type":"EntryPoint","urlTemplate":"https:\/\/cari.az\/?s={search_term_string}"},"query-input":"required name=search_term_string"}],"inLanguage":"az"},{"@type":"Person","@id":"https:\/\/cari.az\/#\/schema\/person\/e62b6d8f24db7344f8b69bb0282c707f","name":"Cari.az","image":{"@type":"ImageObject","inLanguage":"az","@id":"https:\/\/cari.az\/#\/schema\/person\/image\/","url":"https:\/\/secure.gravatar.com\/avatar\/492c8073cb40378886b9f79931f7d2ff?s=96&d=mm&r=g","contentUrl":"https:\/\/secure.gravatar.com\/avatar\/492c8073cb40378886b9f79931f7d2ff?s=96&d=mm&r=g","caption":"Cari.az"},"sameAs":["http:\/\/cari.az"],"url":"https:\/\/cari.az\/?author=1"}]}},"_links":{"self":[{"href":"https:\/\/cari.az\/index.php?rest_route=\/wp\/v2\/posts\/7491"}],"collection":[{"href":"https:\/\/cari.az\/index.php?rest_route=\/wp\/v2\/posts"}],"about":[{"href":"https:\/\/cari.az\/index.php?rest_route=\/wp\/v2\/types\/post"}],"author":[{"embeddable":true,"href":"https:\/\/cari.az\/index.php?rest_route=\/wp\/v2\/users\/1"}],"replies":[{"embeddable":true,"href":"https:\/\/cari.az\/index.php?rest_route=%2Fwp%2Fv2%2Fcomments&post=7491"}],"version-history":[{"count":1,"href":"https:\/\/cari.az\/index.php?rest_route=\/wp\/v2\/posts\/7491\/revisions"}],"predecessor-version":[{"id":7493,"href":"https:\/\/cari.az\/index.php?rest_route=\/wp\/v2\/posts\/7491\/revisions\/7493"}],"wp:featuredmedia":[{"embeddable":true,"href":"https:\/\/cari.az\/index.php?rest_route=\/wp\/v2\/media\/7492"}],"wp:attachment":[{"href":"https:\/\/cari.az\/index.php?rest_route=%2Fwp%2Fv2%2Fmedia&parent=7491"}],"wp:term":[{"taxonomy":"category","embeddable":true,"href":"https:\/\/cari.az\/index.php?rest_route=%2Fwp%2Fv2%2Fcategories&post=7491"},{"taxonomy":"post_tag","embeddable":true,"href":"https:\/\/cari.az\/index.php?rest_route=%2Fwp%2Fv2%2Ftags&post=7491"}],"curies":[{"name":"wp","href":"https:\/\/api.w.org\/{rel}","templated":true}]}}