{"id":7494,"date":"2026-03-14T12:59:16","date_gmt":"2026-03-14T08:59:16","guid":{"rendered":"https:\/\/cari.az\/?p=7494"},"modified":"2026-03-14T12:59:17","modified_gmt":"2026-03-14T08:59:17","slug":"els%c9%99n-g%c9%99nc%c9%99vi-tural-el%c9%99kb%c9%99rova-m%c9%99xsus-global-red-carpet-2026-konsepsiyasinin-istirakcisi-olub-v%c9%99-xususi-mukafata-layiq-gorulub","status":"publish","type":"post","link":"https:\/\/cari.az\/?p=7494","title":{"rendered":"El\u015f\u0259n G\u0259nc\u0259vi Tural \u018fl\u0259kb\u0259rova m\u0259xsus \u201cGlobal Red Carpet 2026\u201d\u00a0 konsepsiyas\u0131n\u0131n i\u015ftirak\u00e7\u0131s\u0131 olub v\u0259 x\u00fcsusi m\u00fckafata layiq g\u00f6r\u00fcl\u00fcb"},"content":{"rendered":"\n<p><strong>\u201c<\/strong><strong>Caspian Events Group<\/strong><strong>\u201d t\u0259r\u0259find\u0259n t\u0259\u015fkil olunan \u201c<\/strong><strong>Global Red Carpet 2026\u201d konsepsiyas\u0131 Az\u0259rbaycan Respublikas\u0131nda ikinci d\u0259f\u0259 ke\u00e7irilir. T\u0259dbird\u0259 i\u015ftirak ed\u0259n qonaqlara mukafatlar t\u0259qdim olunub.<\/strong><strong><\/strong><\/p>\n\n\n\n<p>\u201cPullman Baku\u201d otelind\u0259 t\u0259\u015fkil olunan mukafatland\u0131rma gec\u0259si \u0259m\u0259kdar artist Elnur K\u0259rimovun t\u0259qdimat\u0131nda mill\u0259t v\u0259kili Vuqar \u0130sk\u0259nd\u0259rov, xeyriyy\u0259\u00e7i Hac\u0131 Nuran, m\u00fc\u011f\u0259nni R\u00fcbail \u018fzimov, xalq artisti M\u0259leyk\u0259 \u018fs\u0259dova v\u0259 m\u00fcxt\u0259lif sah\u0259l\u0259r \u00fczr\u0259 pe\u015f\u0259kar \u015f\u0259xsl\u0259r v\u0259 \u015firk\u0259tl\u0259r d\u0259 m\u00fckafatland\u0131r\u0131l\u0131b. H\u0259m\u00e7inin \u00d6zb\u0259kistan, T\u00fcrkiy\u0259, Qazax\u0131stan, Q\u0131r\u011f\u0131z\u0131stan, C\u0259nubi Kipr \u00f6lk\u0259l\u0259rinin i\u015f adamlar\u0131 m\u00fckafat\u00e7\u0131lar s\u0131ras\u0131nda olub.<\/p>\n\n\n\n<p>\u0130ctimai v\u0259 iqtisadi sah\u0259l\u0259rd\u0259 u\u011furlar\u0131na g\u00f6r\u0259 El\u015f\u0259n G\u0259nc\u0259vi d\u0259 \u201c\u0130\u015f adam\u0131\u201d nominant\u0131na layiq g\u00f6r\u00fcl\u00fcb.<strong><\/strong><\/p>\n\n\n\n<p>El\u015f\u0259n G\u0259nc\u0259vi \u2013 N\u0259c\u0259fov El\u015f\u0259n H\u00f6kum\u0259t o\u011flu iqtisad\u00e7\u0131, ictimai xadim v\u0259 i\u015f adam\u0131 olaraq f\u0259aliyy\u0259t g\u00f6st\u0259rir.<\/p>\n\n\n\n<p>El\u015f\u0259n G\u0259nc\u0259vi \u201cGanjavi Holding\u201din prezidenti, \u201cNajafsoy Group\u201dun direktoru, \u201cGanjavi Media\u201dn\u0131n, \u201cStrateji.az\u201d informasiya v\u0259 \u201cSiyasi.az\u201d x\u0259b\u0259r portallar\u0131n\u0131n ba\u015f redaktoru, Demokratik \u0130slahatlar Partiyas\u0131n\u0131n redaksiya komissiyas\u0131n\u0131n \u00fczv\u00fcd\u00fcr.<\/p>\n\n\n\n<p>&nbsp;\u201cX\u00fcsusi T\u0259yinatl\u0131lar\u0131n Qazil\u0259ri, \u015e\u0259hid Ail\u0259l\u0259ri v\u0259 Veteranlar\u0131\u201d ictimai birliyinin maliyy\u0259 meneceri, \u201cPUBLIC AZERBAIJAN\u201d Konsepsiyas\u0131n\u0131n r\u0259hb\u0259ri, \u201cPublic\u201d v\u0259 \u201cG\u0259nc\u0259vi\u201d jurnallar\u0131n\u0131n t\u0259sis\u00e7isi, \u201c\u015e\u018fFQ\u018fT\u201d Kims\u0259siz v\u0259 \u018flil U\u015faqlara Yard\u0131m ictimai birliyind\u0259 \u0130ctimai v\u0259 sosial \u015furan\u0131n r\u0259hb\u0259ri kimi f\u0259aliyy\u0259tl\u0259r g\u00f6st\u0259rib.<\/p>\n\n\n\n<p>M\u00fcxt\u0259lif sah\u0259l\u0259rd\u0259 pe\u015f\u0259kar xidm\u0259tl\u0259ri \u00f6z\u00fcnd\u0259 birl\u0259\u015fdir\u0259n \u201cGanjavi Holding\u201d, \u201cNajafsoy Group\u201d, \u201cGanjavi Media\u201d v\u0259 \u201cELSHAN GANJAVI\u201d \u015firk\u0259tl\u0259r f\u0259aliyy\u0259tind\u0259 maliyy\u0259 v\u0259 m\u00fchasibatl\u0131q, analitik t\u0259hlil v\u0259 strateji maliyy\u0259 planlanmas\u0131, yeni biznesin qurulmas\u0131 v\u0259 idar\u0259olunmas\u0131, alternativ t\u0259hsil v\u0259 t\u0259liml\u0259r \u00fczr\u0259, layih\u0259l\u0259rin haz\u0131rlanmas\u0131, kuryer v\u0259 po\u00e7t, media \u00fcz\u0259rind\u0259n reklam xidm\u0259tl\u0259ri, el\u0259c\u0259 d\u0259 h\u00fcquqi v\u0259 inzibati xidm\u0259tl\u0259r, \u0130T v\u0259 \u0259n s\u0259m\u0259r\u0259li s\u0259yah\u0259t v\u0259 s\u0259f\u0259rin t\u0259\u015fkili xidm\u0259tl\u0259rini t\u0259qdim edir. \u015eirk\u0259tl\u0259r el\u0259c\u0259 d\u0259 informasiya sferas\u0131 \u00fczr\u0259 f\u0259aliyy\u0259tini geni\u015fl\u0259ndirir. Bel\u0259 ki, iqtisadi, ictimai v\u0259 sosial informasiyalar\u0131n i\u015f\u0131qland\u0131r\u0131lmas\u0131na v\u0259 analitik m\u00f6vzulara yer verilir.<\/p>\n\n\n\n<p>El\u015f\u0259n G\u0259nc\u0259vi \u201cOxu-magiya\u201d kitab\u0131n\u0131n m\u00fc\u0259llifidir. M\u00fcxt\u0259lif media qurumlar\u0131nda iqtisadi, ictimai v\u0259 sosial m\u00f6vzularda m\u00fc\u0259llif yaz\u0131lar\u0131 il\u0259 \u00e7\u0131x\u0131\u015f edir.<\/p>\n\n\n\n<p>El\u015f\u0259n G\u0259nc\u0259vi G\u0259nc\u0259 \u015f\u0259h\u0259ri, K.D.U\u015finiski ad\u0131na 29 n\u00f6mr\u0259li tam orta m\u0259kt\u0259bin m\u0259zunu olub. Az\u0259rbaycan D\u00f6vl\u0259t \u0130qtisad Universitetinin \u201cBeyn\u0259lxalq \u0130qtisadi M\u00fcnasib\u0259tl\u0259r\u201d fak\u00fclt\u0259sind\u0259 bakalavr, Rum\u0131niya Respublikas\u0131 Timi\u015foara Q\u0259rb Universitetinin \u201cSiyasi Elml\u0259r\u201d fak\u00fclt\u0259sind\u0259 magistr t\u0259hsilini al\u0131b.<\/p>\n\n\n\n<p><strong>El\u015f\u0259n G\u0259nc\u0259vi \u2013 N\u0259c\u0259fov El\u015f\u0259n H\u00f6kum\u0259t o\u011flu<\/strong>&nbsp;1 sentyabr 2024-ci il tarixind\u0259 ke\u00e7iril\u0259n 7-ci \u00e7a\u011f\u0131r\u0131\u015f Milli M\u0259clis\u0259 se\u00e7kil\u0259rd\u0259 39 sayl\u0131 G\u0259nc\u0259 ikinci se\u00e7ki dair\u0259sind\u0259 namiz\u0259d olub.<strong><\/strong><\/p>\n\n\n\n<p><strong>El\u015f\u0259n G\u0259nc\u0259vi \u2013 N\u0259c\u0259fov El\u015f\u0259n H\u00f6kum\u0259t o\u011flu<\/strong>&nbsp;9 fevral 2020-ci il tarixind\u0259 ke\u00e7iril\u0259n 6-c\u0131 \u00e7a\u011f\u0131r\u0131\u015f Milli M\u0259clis\u0259 se\u00e7kil\u0259rd\u0259 120 sayl\u0131 C\u0259bray\u0131l-Qubadl\u0131 se\u00e7ki dair\u0259sind\u0259 namiz\u0259d olub.<\/p>\n\n\n\n<p><strong>El\u015f\u0259n G\u0259nc\u0259vi \u2013 N\u0259c\u0259fov El\u015f\u0259n H\u00f6kum\u0259t o\u011flu<\/strong>&nbsp;1 noyabr 2015-ci il tarixind\u0259 ke\u00e7iril\u0259n 5-ci \u00e7a\u011f\u0131r\u0131\u015f Milli M\u0259clis\u0259 se\u00e7kil\u0259rd\u0259 120 sayl\u0131 C\u0259bray\u0131l-Qubadl\u0131 se\u00e7ki dair\u0259sind\u0259 namiz\u0259d olub.<\/p>\n\n\n\n<p>El\u015f\u0259n G\u0259nc\u0259vi m\u00fcxt\u0259lif d\u00f6vrl\u0259rd\u0259 bir \u00e7ox yerli, beyn\u0259lxalq sertifikat v\u0259 f\u0259xri diplomlarla t\u0259ltif olunub. \u0130ctimai xadim v\u0259 i\u015f adam\u0131 olaraq m\u00fcxt\u0259lif m\u00fckafatlara layiq g\u00f6r\u00fcl\u00fcb.<\/p>\n\n\n\n<p>T\u00fckiy\u0259nin \u0130stanbul \u015f\u0259h\u0259rind\u0259 \u201cAlt\u0131n Melek \u00d6d\u00fclleri 2021\u201d layih\u0259sind\u0259 \u201cYILIN EN BA\u015eARILI \u0130\u015e ADAMI\u201d, \u201cTurkey Exclusive Awards 2022\u201d layih\u0259sind\u0259 \u201cAZERBAYCANIN BA\u015eARILI \u0130\u015e ADAMI\u201d v\u0259 \u201cAlt\u0131n Melek \u00d6d\u00fclleri 2025\u201d layih\u0259sind\u0259 \u201cYILIN ULUSLARARASI EN BA\u015eARILI \u0130\u015e ADAMI\u201d beyn\u0259lxalq nominasiyalar \u00fczr\u0259 m\u00fckafatland\u0131r\u0131l\u0131b.<\/p>\n\n\n\n<p>Az\u0259rbaycan\u0131n G\u0259nc\u0259 \u015f\u0259h\u0259rind\u0259 \u201cG\u0259nc\u0259vi Milli Mukafat\u0131 2025\u201d layih\u0259sind\u0259 \u201c\u0130\u015e ADAMI\u201d milli nominant \u00fczr\u0259 mukafatland\u0131r\u0131l\u0131b.<\/p>\n\n\n\n<figure class=\"wp-block-image\"><img decoding=\"async\" src=\"https:\/\/siyasi.az\/wp-content\/uploads\/2026\/03\/510d7da9-8d8f-4b30-8a32-f4b77b2e7d48-683x1024.jpg\" alt=\"\" class=\"wp-image-1050\"\/><\/figure>\n\n\n\n<figure class=\"wp-block-image\"><img decoding=\"async\" src=\"https:\/\/siyasi.az\/wp-content\/uploads\/2026\/03\/d5b572ff-3f2a-491b-8de6-b7b60852f826-683x1024.jpg\" alt=\"\" class=\"wp-image-1051\"\/><\/figure>\n\n\n\n<figure class=\"wp-block-image\"><img decoding=\"async\" src=\"https:\/\/siyasi.az\/wp-content\/uploads\/2026\/03\/1b23898e-bd15-4c02-9087-bf5de0317209-683x1024.jpg\" alt=\"\" class=\"wp-image-1052\"\/><\/figure>\n\n\n\n<figure class=\"wp-block-image\"><img decoding=\"async\" src=\"https:\/\/siyasi.az\/wp-content\/uploads\/2026\/03\/7b592c53-2893-4960-ac21-4814ea12a369-1024x683.jpg\" alt=\"\" class=\"wp-image-1053\"\/><\/figure>\n\n\n\n<p><a href=\"https:\/\/www.facebook.com\/sharer.php?u=https:\/\/siyasi.az\/gundem\/els%c9%99n-g%c9%99nc%c9%99vi-tural-el%c9%99kb%c9%99rova-m%c9%99xsus-global-red-carpet-2026-konsepsiyasinin-istirakcisi-olub-v%c9%99-xususi-mukafata-layiq-gorulub\/\" target=\"_blank\" rel=\"noreferrer noopener\"><\/a><\/p>\n","protected":false},"excerpt":{"rendered":"<p>\u201cCaspian Events Group\u201d t\u0259r\u0259find\u0259n t\u0259\u015fkil olunan \u201cGlobal Red Carpet 2026\u201d konsepsiyas\u0131 Az\u0259rbaycan Respublikas\u0131nda ikinci d\u0259f\u0259 ke\u00e7irilir. T\u0259dbird\u0259 i\u015ftirak<\/p>\n","protected":false},"author":1,"featured_media":7495,"comment_status":"open","ping_status":"open","sticky":false,"template":"","format":"standard","meta":{"_coblocks_attr":"","_coblocks_dimensions":"","_coblocks_responsive_height":"","_coblocks_accordion_ie_support":"","footnotes":""},"categories":[5],"tags":[],"yoast_head":"<!-- This site is optimized with the Yoast SEO plugin v22.6 - https:\/\/yoast.com\/wordpress\/plugins\/seo\/ -->\n<title>El\u015f\u0259n G\u0259nc\u0259vi Tural \u018fl\u0259kb\u0259rova m\u0259xsus \u201cGlobal Red Carpet 2026\u201d\u00a0 konsepsiyas\u0131n\u0131n i\u015ftirak\u00e7\u0131s\u0131 olub v\u0259 x\u00fcsusi m\u00fckafata layiq g\u00f6r\u00fcl\u00fcb - Cari.az<\/title>\n<meta name=\"robots\" content=\"index, follow, max-snippet:-1, max-image-preview:large, max-video-preview:-1\" \/>\n<link rel=\"canonical\" href=\"https:\/\/cari.az\/?p=7494\" \/>\n<meta property=\"og:locale\" content=\"az_AZ\" \/>\n<meta property=\"og:type\" content=\"article\" \/>\n<meta property=\"og:title\" content=\"El\u015f\u0259n G\u0259nc\u0259vi Tural \u018fl\u0259kb\u0259rova m\u0259xsus \u201cGlobal Red Carpet 2026\u201d\u00a0 konsepsiyas\u0131n\u0131n i\u015ftirak\u00e7\u0131s\u0131 olub v\u0259 x\u00fcsusi m\u00fckafata layiq g\u00f6r\u00fcl\u00fcb - Cari.az\" \/>\n<meta property=\"og:description\" content=\"\u201cCaspian Events Group\u201d t\u0259r\u0259find\u0259n t\u0259\u015fkil olunan \u201cGlobal Red Carpet 2026\u201d konsepsiyas\u0131 Az\u0259rbaycan Respublikas\u0131nda ikinci d\u0259f\u0259 ke\u00e7irilir. T\u0259dbird\u0259 i\u015ftirak\" \/>\n<meta property=\"og:url\" content=\"https:\/\/cari.az\/?p=7494\" \/>\n<meta property=\"og:site_name\" content=\"Cari.az\" \/>\n<meta property=\"article:published_time\" content=\"2026-03-14T08:59:16+00:00\" \/>\n<meta property=\"article:modified_time\" content=\"2026-03-14T08:59:17+00:00\" \/>\n<meta property=\"og:image\" content=\"http:\/\/cari.az\/wp-content\/uploads\/2026\/03\/6d54b159-1507-40a4-a9dd-f106fa64c9ef.png\" \/>\n\t<meta property=\"og:image:width\" content=\"1066\" \/>\n\t<meta property=\"og:image:height\" content=\"1073\" \/>\n\t<meta property=\"og:image:type\" content=\"image\/png\" \/>\n<meta name=\"author\" content=\"Cari.az\" \/>\n<meta name=\"twitter:card\" content=\"summary_large_image\" \/>\n<meta name=\"twitter:label1\" content=\"Written by\" \/>\n\t<meta name=\"twitter:data1\" content=\"Cari.az\" \/>\n\t<meta name=\"twitter:label2\" content=\"Est. reading time\" \/>\n\t<meta name=\"twitter:data2\" content=\"4 minutes\" \/>\n<script type=\"application\/ld+json\" class=\"yoast-schema-graph\">{\"@context\":\"https:\/\/schema.org\",\"@graph\":[{\"@type\":\"WebPage\",\"@id\":\"https:\/\/cari.az\/?p=7494\",\"url\":\"https:\/\/cari.az\/?p=7494\",\"name\":\"El\u015f\u0259n G\u0259nc\u0259vi Tural \u018fl\u0259kb\u0259rova m\u0259xsus \u201cGlobal Red Carpet 2026\u201d\u00a0 konsepsiyas\u0131n\u0131n i\u015ftirak\u00e7\u0131s\u0131 olub v\u0259 x\u00fcsusi m\u00fckafata layiq g\u00f6r\u00fcl\u00fcb - Cari.az\",\"isPartOf\":{\"@id\":\"https:\/\/cari.az\/#website\"},\"primaryImageOfPage\":{\"@id\":\"https:\/\/cari.az\/?p=7494#primaryimage\"},\"image\":{\"@id\":\"https:\/\/cari.az\/?p=7494#primaryimage\"},\"thumbnailUrl\":\"https:\/\/cari.az\/wp-content\/uploads\/2026\/03\/6d54b159-1507-40a4-a9dd-f106fa64c9ef.png\",\"datePublished\":\"2026-03-14T08:59:16+00:00\",\"dateModified\":\"2026-03-14T08:59:17+00:00\",\"author\":{\"@id\":\"https:\/\/cari.az\/#\/schema\/person\/e62b6d8f24db7344f8b69bb0282c707f\"},\"breadcrumb\":{\"@id\":\"https:\/\/cari.az\/?p=7494#breadcrumb\"},\"inLanguage\":\"az\",\"potentialAction\":[{\"@type\":\"ReadAction\",\"target\":[\"https:\/\/cari.az\/?p=7494\"]}]},{\"@type\":\"ImageObject\",\"inLanguage\":\"az\",\"@id\":\"https:\/\/cari.az\/?p=7494#primaryimage\",\"url\":\"https:\/\/cari.az\/wp-content\/uploads\/2026\/03\/6d54b159-1507-40a4-a9dd-f106fa64c9ef.png\",\"contentUrl\":\"https:\/\/cari.az\/wp-content\/uploads\/2026\/03\/6d54b159-1507-40a4-a9dd-f106fa64c9ef.png\",\"width\":1066,\"height\":1073},{\"@type\":\"BreadcrumbList\",\"@id\":\"https:\/\/cari.az\/?p=7494#breadcrumb\",\"itemListElement\":[{\"@type\":\"ListItem\",\"position\":1,\"name\":\"Home\",\"item\":\"https:\/\/cari.az\/\"},{\"@type\":\"ListItem\",\"position\":2,\"name\":\"El\u015f\u0259n G\u0259nc\u0259vi Tural \u018fl\u0259kb\u0259rova m\u0259xsus \u201cGlobal Red Carpet 2026\u201d\u00a0 konsepsiyas\u0131n\u0131n i\u015ftirak\u00e7\u0131s\u0131 olub v\u0259 x\u00fcsusi m\u00fckafata layiq g\u00f6r\u00fcl\u00fcb\"}]},{\"@type\":\"WebSite\",\"@id\":\"https:\/\/cari.az\/#website\",\"url\":\"https:\/\/cari.az\/\",\"name\":\"Cari.az\",\"description\":\"\",\"potentialAction\":[{\"@type\":\"SearchAction\",\"target\":{\"@type\":\"EntryPoint\",\"urlTemplate\":\"https:\/\/cari.az\/?s={search_term_string}\"},\"query-input\":\"required name=search_term_string\"}],\"inLanguage\":\"az\"},{\"@type\":\"Person\",\"@id\":\"https:\/\/cari.az\/#\/schema\/person\/e62b6d8f24db7344f8b69bb0282c707f\",\"name\":\"Cari.az\",\"image\":{\"@type\":\"ImageObject\",\"inLanguage\":\"az\",\"@id\":\"https:\/\/cari.az\/#\/schema\/person\/image\/\",\"url\":\"https:\/\/secure.gravatar.com\/avatar\/492c8073cb40378886b9f79931f7d2ff?s=96&d=mm&r=g\",\"contentUrl\":\"https:\/\/secure.gravatar.com\/avatar\/492c8073cb40378886b9f79931f7d2ff?s=96&d=mm&r=g\",\"caption\":\"Cari.az\"},\"sameAs\":[\"http:\/\/cari.az\"],\"url\":\"https:\/\/cari.az\/?author=1\"}]}<\/script>\n<!-- \/ Yoast SEO plugin. -->","yoast_head_json":{"title":"El\u015f\u0259n G\u0259nc\u0259vi Tural \u018fl\u0259kb\u0259rova m\u0259xsus \u201cGlobal Red Carpet 2026\u201d\u00a0 konsepsiyas\u0131n\u0131n i\u015ftirak\u00e7\u0131s\u0131 olub v\u0259 x\u00fcsusi m\u00fckafata layiq g\u00f6r\u00fcl\u00fcb - Cari.az","robots":{"index":"index","follow":"follow","max-snippet":"max-snippet:-1","max-image-preview":"max-image-preview:large","max-video-preview":"max-video-preview:-1"},"canonical":"https:\/\/cari.az\/?p=7494","og_locale":"az_AZ","og_type":"article","og_title":"El\u015f\u0259n G\u0259nc\u0259vi Tural \u018fl\u0259kb\u0259rova m\u0259xsus \u201cGlobal Red Carpet 2026\u201d\u00a0 konsepsiyas\u0131n\u0131n i\u015ftirak\u00e7\u0131s\u0131 olub v\u0259 x\u00fcsusi m\u00fckafata layiq g\u00f6r\u00fcl\u00fcb - Cari.az","og_description":"\u201cCaspian Events Group\u201d t\u0259r\u0259find\u0259n t\u0259\u015fkil olunan \u201cGlobal Red Carpet 2026\u201d konsepsiyas\u0131 Az\u0259rbaycan Respublikas\u0131nda ikinci d\u0259f\u0259 ke\u00e7irilir. T\u0259dbird\u0259 i\u015ftirak","og_url":"https:\/\/cari.az\/?p=7494","og_site_name":"Cari.az","article_published_time":"2026-03-14T08:59:16+00:00","article_modified_time":"2026-03-14T08:59:17+00:00","og_image":[{"width":1066,"height":1073,"url":"http:\/\/cari.az\/wp-content\/uploads\/2026\/03\/6d54b159-1507-40a4-a9dd-f106fa64c9ef.png","type":"image\/png"}],"author":"Cari.az","twitter_card":"summary_large_image","twitter_misc":{"Written by":"Cari.az","Est. reading time":"4 minutes"},"schema":{"@context":"https:\/\/schema.org","@graph":[{"@type":"WebPage","@id":"https:\/\/cari.az\/?p=7494","url":"https:\/\/cari.az\/?p=7494","name":"El\u015f\u0259n G\u0259nc\u0259vi Tural \u018fl\u0259kb\u0259rova m\u0259xsus \u201cGlobal Red Carpet 2026\u201d\u00a0 konsepsiyas\u0131n\u0131n i\u015ftirak\u00e7\u0131s\u0131 olub v\u0259 x\u00fcsusi m\u00fckafata layiq g\u00f6r\u00fcl\u00fcb - Cari.az","isPartOf":{"@id":"https:\/\/cari.az\/#website"},"primaryImageOfPage":{"@id":"https:\/\/cari.az\/?p=7494#primaryimage"},"image":{"@id":"https:\/\/cari.az\/?p=7494#primaryimage"},"thumbnailUrl":"https:\/\/cari.az\/wp-content\/uploads\/2026\/03\/6d54b159-1507-40a4-a9dd-f106fa64c9ef.png","datePublished":"2026-03-14T08:59:16+00:00","dateModified":"2026-03-14T08:59:17+00:00","author":{"@id":"https:\/\/cari.az\/#\/schema\/person\/e62b6d8f24db7344f8b69bb0282c707f"},"breadcrumb":{"@id":"https:\/\/cari.az\/?p=7494#breadcrumb"},"inLanguage":"az","potentialAction":[{"@type":"ReadAction","target":["https:\/\/cari.az\/?p=7494"]}]},{"@type":"ImageObject","inLanguage":"az","@id":"https:\/\/cari.az\/?p=7494#primaryimage","url":"https:\/\/cari.az\/wp-content\/uploads\/2026\/03\/6d54b159-1507-40a4-a9dd-f106fa64c9ef.png","contentUrl":"https:\/\/cari.az\/wp-content\/uploads\/2026\/03\/6d54b159-1507-40a4-a9dd-f106fa64c9ef.png","width":1066,"height":1073},{"@type":"BreadcrumbList","@id":"https:\/\/cari.az\/?p=7494#breadcrumb","itemListElement":[{"@type":"ListItem","position":1,"name":"Home","item":"https:\/\/cari.az\/"},{"@type":"ListItem","position":2,"name":"El\u015f\u0259n G\u0259nc\u0259vi Tural \u018fl\u0259kb\u0259rova m\u0259xsus \u201cGlobal Red Carpet 2026\u201d\u00a0 konsepsiyas\u0131n\u0131n i\u015ftirak\u00e7\u0131s\u0131 olub v\u0259 x\u00fcsusi m\u00fckafata layiq g\u00f6r\u00fcl\u00fcb"}]},{"@type":"WebSite","@id":"https:\/\/cari.az\/#website","url":"https:\/\/cari.az\/","name":"Cari.az","description":"","potentialAction":[{"@type":"SearchAction","target":{"@type":"EntryPoint","urlTemplate":"https:\/\/cari.az\/?s={search_term_string}"},"query-input":"required name=search_term_string"}],"inLanguage":"az"},{"@type":"Person","@id":"https:\/\/cari.az\/#\/schema\/person\/e62b6d8f24db7344f8b69bb0282c707f","name":"Cari.az","image":{"@type":"ImageObject","inLanguage":"az","@id":"https:\/\/cari.az\/#\/schema\/person\/image\/","url":"https:\/\/secure.gravatar.com\/avatar\/492c8073cb40378886b9f79931f7d2ff?s=96&d=mm&r=g","contentUrl":"https:\/\/secure.gravatar.com\/avatar\/492c8073cb40378886b9f79931f7d2ff?s=96&d=mm&r=g","caption":"Cari.az"},"sameAs":["http:\/\/cari.az"],"url":"https:\/\/cari.az\/?author=1"}]}},"_links":{"self":[{"href":"https:\/\/cari.az\/index.php?rest_route=\/wp\/v2\/posts\/7494"}],"collection":[{"href":"https:\/\/cari.az\/index.php?rest_route=\/wp\/v2\/posts"}],"about":[{"href":"https:\/\/cari.az\/index.php?rest_route=\/wp\/v2\/types\/post"}],"author":[{"embeddable":true,"href":"https:\/\/cari.az\/index.php?rest_route=\/wp\/v2\/users\/1"}],"replies":[{"embeddable":true,"href":"https:\/\/cari.az\/index.php?rest_route=%2Fwp%2Fv2%2Fcomments&post=7494"}],"version-history":[{"count":1,"href":"https:\/\/cari.az\/index.php?rest_route=\/wp\/v2\/posts\/7494\/revisions"}],"predecessor-version":[{"id":7496,"href":"https:\/\/cari.az\/index.php?rest_route=\/wp\/v2\/posts\/7494\/revisions\/7496"}],"wp:featuredmedia":[{"embeddable":true,"href":"https:\/\/cari.az\/index.php?rest_route=\/wp\/v2\/media\/7495"}],"wp:attachment":[{"href":"https:\/\/cari.az\/index.php?rest_route=%2Fwp%2Fv2%2Fmedia&parent=7494"}],"wp:term":[{"taxonomy":"category","embeddable":true,"href":"https:\/\/cari.az\/index.php?rest_route=%2Fwp%2Fv2%2Fcategories&post=7494"},{"taxonomy":"post_tag","embeddable":true,"href":"https:\/\/cari.az\/index.php?rest_route=%2Fwp%2Fv2%2Ftags&post=7494"}],"curies":[{"name":"wp","href":"https:\/\/api.w.org\/{rel}","templated":true}]}}