{"id":7503,"date":"2026-03-16T11:38:14","date_gmt":"2026-03-16T07:38:14","guid":{"rendered":"https:\/\/cari.az\/?p=7503"},"modified":"2026-03-16T11:38:16","modified_gmt":"2026-03-16T07:38:16","slug":"qlobal-cagirislar-v%c9%99-birg%c9%99-f%c9%99aliyy%c9%99tin-z%c9%99ruriliyi","status":"publish","type":"post","link":"https:\/\/cari.az\/?p=7503","title":{"rendered":"\u00a0Qlobal \u00e7a\u011f\u0131r\u0131\u015flar v\u0259 birg\u0259 f\u0259aliyy\u0259tin z\u0259ruriliyi"},"content":{"rendered":"\n<p>Nizami G\u0259nc\u0259vi Beyn\u0259lxalq M\u0259rk\u0259zi t\u0259r\u0259find\u0259n t\u0259\u015fkil edil\u0259n Qlobal Bak\u0131 Forumu art\u0131q uzun ill\u0259rdir ki, qlobal probleml\u0259rin m\u00fczakir\u0259 edildiyi n\u00fcfuzlu beyn\u0259lxalq platformalardan biri kimi tan\u0131n\u0131r. Bu forumda m\u00fcxt\u0259lif \u00f6lk\u0259l\u0259rin sabiq v\u0259 haz\u0131rk\u0131 d\u00f6vl\u0259t v\u0259 h\u00f6kum\u0259t ba\u015f\u00e7\u0131lar\u0131, siyas\u0259t\u00e7il\u0259r, aliml\u0259r v\u0259 beyn\u0259lxalq t\u0259\u015fkilatlar\u0131n n\u00fcmay\u0259nd\u0259l\u0259ri i\u015ftirak edirl\u0259r. Forumun \u0259sas m\u0259qs\u0259di d\u00fcnya siyas\u0259tind\u0259 m\u00f6vcud probleml\u0259rin m\u00fczakir\u0259si, d\u00f6vl\u0259tl\u0259r aras\u0131nda dialoqun inki\u015faf etdirilm\u0259si v\u0259 qlobal \u00e7a\u011f\u0131r\u0131\u015flar\u0131n h\u0259lli yollar\u0131n\u0131n axtar\u0131lmas\u0131d\u0131r. 12 mart 2026-c\u0131 ild\u0259 Bak\u0131da ke\u00e7iril\u0259n XIII Qlobal Bak\u0131 Forumu da m\u0259hz bu bax\u0131mdan x\u00fcsusi \u0259h\u0259miyy\u0259t da\u015f\u0131y\u0131r. M\u00fcasir d\u00f6vrd\u0259 beyn\u0259lxalq m\u00fcnasib\u0259tl\u0259r sistemind\u0259 ciddi transformasiya ba\u015f verir. Qlobal g\u00fcc balans\u0131 d\u0259yi\u015fir, regional m\u00fcnaqi\u015f\u0259l\u0259r art\u0131r v\u0259 yeni t\u0259hl\u00fck\u0259sizlik riskl\u0259ri meydana \u00e7\u0131x\u0131r. Bel\u0259 bir \u015f\u0259raitd\u0259 beyn\u0259lxalq dialoq v\u0259 \u0259m\u0259kda\u015fl\u0131q platformalar\u0131 x\u00fcsusi \u0259h\u0259miyy\u0259t k\u0259sb edir. Prezident \u0130lham \u018fliyev t\u0259r\u0259find\u0259n XIII Qlobal Bak\u0131 Forumu \u00e7\u0259r\u00e7iv\u0259sind\u0259 s\u0259sl\u0259ndiril\u0259n fikirl\u0259r m\u00fcasir beyn\u0259lxalq m\u00fcnasib\u0259tl\u0259r sistemind\u0259 t\u0259hl\u00fck\u0259sizlik v\u0259 sabitlik m\u0259s\u0259l\u0259l\u0259rinin n\u0259 q\u0259d\u0259r \u00f6n\u0259mli oldu\u011funu bir daha g\u00f6st\u0259rdi. \u201cKe\u00e7id d\u00f6vr\u00fcnd\u0259 olan d\u00fcnyada fikir ayr\u0131l\u0131qlar\u0131n\u0131n aradan qald\u0131r\u0131lmas\u0131\u201d m\u00f6vzusunda ke\u00e7iril\u0259n forum qlobal miqyasda siyasi, iqtisadi v\u0259 t\u0259hl\u00fck\u0259sizlik m\u0259s\u0259l\u0259l\u0259rinin m\u00fczakir\u0259 olundu\u011fu m\u00fch\u00fcm platformalardan biridir.&nbsp; D\u00fcnyan\u0131n s\u00fcr\u0259tl\u0259 d\u0259yi\u015fdiyi, yeni siyasi v\u0259 geosiyasi reall\u0131qlar\u0131n formala\u015fd\u0131\u011f\u0131 bir d\u00f6vrd\u0259 d\u00f6vl\u0259tl\u0259rin \u0259sas prioritetl\u0259rinin yenid\u0259n m\u00fc\u0259yy\u0259nl\u0259\u015fdirilm\u0259si z\u0259rur\u0259ti yaran\u0131r.<\/p>\n\n\n\n<p>Prezident \u0130lham \u018fliyev \u00e7\u0131x\u0131\u015f\u0131nda d\u00fcnyan\u0131n ke\u00e7id d\u00f6vr\u00fcnd\u0259 oldu\u011funu x\u00fcsusi vur\u011fulad\u0131. Bu ke\u00e7id d\u00f6vr\u00fc bir ne\u00e7\u0259 m\u00fch\u00fcm amill\u0259 xarakteriz\u0259 olunur: geosiyasi r\u0259qab\u0259tin artmas\u0131, regional m\u00fcnaqi\u015f\u0259l\u0259rin \u00e7oxalmas\u0131, iqtisadi qeyri-sabitlik, enerji v\u0259 \u0259rzaq t\u0259hl\u00fck\u0259sizliyi probleml\u0259ri v\u0259 texnoloji v\u0259 informasiya t\u0259hl\u00fck\u0259sizliyi \u00e7a\u011f\u0131r\u0131\u015flar\u0131. Bu faktorlar beyn\u0259lxalq m\u00fcnasib\u0259tl\u0259r sistemind\u0259 qeyri-m\u00fc\u0259yy\u0259nliyi art\u0131r\u0131r. Bir \u00e7ox \u00f6lk\u0259l\u0259r uzun ill\u0259r \u0259rzind\u0259 qurduqlar\u0131 iqtisadi v\u0259 sosial inki\u015faf modelinin t\u0259hl\u00fck\u0259 alt\u0131na d\u00fc\u015fd\u00fcy\u00fcn\u00fc m\u00fc\u015fahid\u0259 edirl\u0259r. Buna g\u00f6r\u0259 d\u0259 d\u00f6vl\u0259tl\u0259r \u00f6z milli t\u0259hl\u00fck\u0259sizlik strategiyalar\u0131n\u0131 yenid\u0259n n\u0259z\u0259rd\u0259n ke\u00e7irm\u0259y\u0259 m\u0259cbur qal\u0131rlar.<\/p>\n\n\n\n<p>D\u00f6vl\u0259t ba\u015f\u00e7\u0131s\u0131 \u0130lham \u018fliyevin \u00e7\u0131x\u0131\u015f\u0131nda x\u00fcsusi vur\u011fulanan m\u0259qamlardan biri d\u0259 t\u0259hl\u00fck\u0259sizlik v\u0259 sabitliyin inki\u015faf\u0131n \u0259sas \u015f\u0259rti olmas\u0131d\u0131r. H\u0259qiq\u0259t\u0259n d\u0259 tarix g\u00f6st\u0259rir ki, sabitlik v\u0259 t\u0259hl\u00fck\u0259sizlik olmayan \u00f6lk\u0259l\u0259rd\u0259 iqtisadi inki\u015faf, sosial rifah v\u0259 siyasi sabitlik uzunm\u00fcdd\u0259tli ola bilm\u0259z. M\u00fcasir d\u00fcnyada d\u00f6vl\u0259tl\u0259rin inki\u015faf\u0131 a\u015fa\u011f\u0131dak\u0131 \u0259sas amill\u0259rd\u0259n as\u0131l\u0131d\u0131r: daxili siyasi sabitlik, g\u00fccl\u00fc t\u0259hl\u00fck\u0259sizlik sistemi, m\u00fcdafi\u0259 qabiliyy\u0259ti, regional \u0259m\u0259kda\u015fl\u0131q v\u0259 beyn\u0259lxalq t\u0259r\u0259fda\u015fl\u0131q. Bu amill\u0259r olmadan iqtisadi layih\u0259l\u0259rin h\u0259yata ke\u00e7irilm\u0259si, investisiyalar\u0131n c\u0259lb edilm\u0259si v\u0259 sosial inki\u015faf\u0131n t\u0259min edilm\u0259si \u00e7\u0259tinl\u0259\u015fir.<\/p>\n\n\n\n<p>C\u0259nubi Qafqaz regionu tarix\u0259n geosiyasi bax\u0131mdan h\u0259ssas b\u00f6lg\u0259l\u0259rd\u0259n biri olub. Bu region m\u00fcxt\u0259lif siyasi maraqlar\u0131n toqqu\u015fdu\u011fu strateji m\u0259kan hesab olunur. Son ill\u0259rd\u0259 regionda yeni geosiyasi reall\u0131qlar formala\u015fsa da, t\u0259hl\u00fck\u0259sizlik v\u0259 sabitliyin qorunmas\u0131 h\u0259l\u0259 d\u0259 \u0259sas prioritetl\u0259rd\u0259n biridir. Region \u00f6lk\u0259l\u0259ri aras\u0131nda \u0259m\u0259kda\u015fl\u0131q v\u0259 dialoq sabitliyin m\u00f6hk\u0259ml\u0259ndirilm\u0259si \u00fc\u00e7\u00fcn vacib amill\u0259rd\u0259n hesab olunur. Az\u0259rbaycan bu istiqam\u0259td\u0259 regional \u0259m\u0259kda\u015fl\u0131q layih\u0259l\u0259rinin t\u0259\u015f\u0259bb\u00fcskar\u0131 kimi \u00e7\u0131x\u0131\u015f edir. Enerji, n\u0259qliyyat v\u0259 logistika sah\u0259l\u0259rind\u0259 h\u0259yata ke\u00e7iril\u0259n beyn\u0259lxalq layih\u0259l\u0259r regionda iqtisadi inteqrasiyan\u0131 g\u00fccl\u0259ndirm\u0259kl\u0259 yana\u015f\u0131, sabitliyin m\u00f6hk\u0259ml\u0259nm\u0259sin\u0259 d\u0259 t\u00f6hf\u0259 verir.<\/p>\n\n\n\n<p>M\u00fcasir d\u00fcnyada t\u0259hl\u00fck\u0259sizlik probleml\u0259ri art\u0131q yaln\u0131z bir \u00f6lk\u0259nin v\u0259 ya regionun problemi deyil. Terrorizm, kiber t\u0259hl\u00fck\u0259l\u0259r, iqlim d\u0259yi\u015fiklikl\u0259ri, enerji b\u00f6hranlar\u0131 v\u0259 miqrasiya kimi probleml\u0259r qlobal xarakter da\u015f\u0131y\u0131r. Bu s\u0259b\u0259bd\u0259n d\u0259 d\u00f6vl\u0259tl\u0259r aras\u0131nda \u0259m\u0259kda\u015fl\u0131q v\u0259 kollektiv yana\u015fma x\u00fcsusi \u0259h\u0259miyy\u0259t k\u0259sb edir. Prezident \u0130lham \u018fliyevin \u00e7\u0131x\u0131\u015f\u0131nda vur\u011fulad\u0131\u011f\u0131 kimi, d\u00f6vl\u0259tl\u0259r \u00f6z s\u0259yl\u0259rini birl\u0259\u015fdirm\u0259li v\u0259 \u00fcmumi t\u0259hl\u00fck\u0259sizlik sisteminin g\u00fccl\u0259ndirilm\u0259si istiqam\u0259tind\u0259 f\u0259aliyy\u0259t g\u00f6st\u0259rm\u0259lidirl\u0259r.<\/p>\n\n\n\n<p>&nbsp;M\u00fcasir beyn\u0259lxalq m\u00fcnasib\u0259tl\u0259r sistemind\u0259 regional t\u0259hl\u00fck\u0259sizlik h\u0259r bir d\u00f6vl\u0259t \u00fc\u00e7\u00fcn strateji \u0259h\u0259miyy\u0259t da\u015f\u0131y\u0131r. D\u00f6vl\u0259tl\u0259rin sabit inki\u015faf\u0131, iqtisadi t\u0259r\u0259qqisi v\u0259 siyasi sabitliyi birba\u015fa t\u0259hl\u00fck\u0259sizlik m\u00fchitind\u0259n as\u0131l\u0131d\u0131r. Bu bax\u0131mdan Az\u0259rbaycan \u00fc\u00e7\u00fcn regional t\u0259hl\u00fck\u0259sizlik m\u0259s\u0259l\u0259si h\u0259r zaman d\u00f6vl\u0259t siyas\u0259tinin \u0259sas istiqam\u0259tl\u0259rind\u0259n biri olub. Prezident \u0130lham \u018fliyev d\u0259f\u0259l\u0259rl\u0259 beyn\u0259lxalq forumlarda \u00e7\u0131x\u0131\u015flar\u0131nda qeyd edib ki, Az\u0259rbaycan\u0131n \u0259sas prioritetl\u0259rind\u0259n biri suverenliyin v\u0259 \u0259razi b\u00fct\u00f6vl\u00fcy\u00fcn\u00fcn t\u0259min edilm\u0259si, regionda sabitliyin b\u0259rq\u0259rar olunmas\u0131 v\u0259 uzunm\u00fcdd\u0259tli s\u00fclh\u00fcn \u0259ld\u0259 edilm\u0259sidir. Az\u0259rbaycan\u0131n yerl\u0259\u015fdiyi C\u0259nubi Qafqaz regionu geosiyasi bax\u0131mdan strateji \u0259h\u0259miyy\u0259t\u0259 malikdir. Region Avropa il\u0259 Asiyan\u0131 birl\u0259\u015fdir\u0259n m\u00fch\u00fcm n\u0259qliyyat v\u0259 enerji d\u0259hlizl\u0259rinin k\u0259si\u015fdiyi \u0259razid\u0259 yerl\u0259\u015fir. Buna g\u00f6r\u0259 d\u0259 burada t\u0259hl\u00fck\u0259sizlik v\u0259 sabitlik yaln\u0131z regional deyil, h\u0259m d\u0259 beyn\u0259lxalq \u0259h\u0259miyy\u0259t da\u015f\u0131y\u0131r. Uzun ill\u0259r \u0259rzind\u0259 regionda m\u00f6vcud olan m\u00fcnaqi\u015f\u0259l\u0259r t\u0259hl\u00fck\u0259sizlik sistemin\u0259 ciddi t\u0259sir g\u00f6st\u0259rmi\u015fdir. Az\u0259rbaycan\u0131n \u0259razi b\u00fct\u00f6vl\u00fcy\u00fcn\u00fcn pozulmas\u0131 v\u0259 torpaqlar\u0131n i\u015f\u011fal alt\u0131nda qalmas\u0131 \u00f6lk\u0259nin t\u0259hl\u00fck\u0259sizlik g\u00fcnd\u0259liyinin \u0259sas m\u0259s\u0259l\u0259l\u0259rind\u0259n biri idi. Prezident \u0130lham \u018fliyevin vur\u011fulad\u0131\u011f\u0131 kimi, i\u015f\u011fal d\u00f6vr\u00fcnd\u0259 Az\u0259rbaycan \u00fc\u00e7\u00fcn \u0259sas prioritet s\u00fclh\u0259 nail olmaq v\u0259 suverenliyin b\u0259rpa edilm\u0259si idi. Bu m\u0259qs\u0259d d\u00f6vl\u0259t siyas\u0259tinin b\u00fct\u00fcn istiqam\u0259tl\u0259rind\u0259 \u00f6z \u0259ksini tapm\u0131\u015fd\u0131.<\/p>\n\n\n\n<p>Az\u0259rbaycan\u0131n suverenliyinin v\u0259 \u0259razi b\u00fct\u00f6vl\u00fcy\u00fcn\u00fcn b\u0259rpas\u0131 asan v\u0259 q\u0131sa m\u00fcdd\u0259td\u0259 \u0259ld\u0259 edil\u0259n n\u0259tic\u0259 deyildi. Bu proses t\u0259xmin\u0259n otuz il davam ed\u0259n siyasi, diplomatik v\u0259 h\u0259rbi s\u0259yl\u0259rin n\u0259tic\u0259si idi. Az\u0259rbaycan beyn\u0259lxalq h\u00fcquqa \u0259saslanaraq \u00f6z m\u00f6vqeyini m\u00fcdafi\u0259 etmi\u015fdir. X\u00fcsusil\u0259 Birl\u0259\u015fmi\u015f Mill\u0259tl\u0259r T\u0259\u015fkilat\u0131 t\u0259r\u0259find\u0259n q\u0259bul edil\u0259n s\u0259n\u0259dl\u0259r Az\u0259rbaycan\u0131n \u0259razi b\u00fct\u00f6vl\u00fcy\u00fcn\u00fc tan\u0131y\u0131rd\u0131. Bundan \u0259lav\u0259, BMT Nizamnam\u0259si d\u00f6vl\u0259tl\u0259rin \u00f6z\u00fcn\u00fc m\u00fcdafi\u0259 h\u00fcququnu tan\u0131y\u0131r. Nizamnam\u0259nin 51-ci madd\u0259sin\u0259 \u0259sas\u0259n h\u0259r bir d\u00f6vl\u0259t \u00f6z \u0259razi b\u00fct\u00f6vl\u00fcy\u00fcn\u00fc v\u0259 suverenliyini qorumaq m\u0259qs\u0259dil\u0259 \u00f6z\u00fcn\u00fc m\u00fcdafi\u0259 etm\u0259k h\u00fcququna malikdir. Az\u0259rbaycan da m\u0259hz bu beyn\u0259lxalq h\u00fcquqi \u00e7\u0259r\u00e7iv\u0259y\u0259 uy\u011fun \u015f\u0259kild\u0259 h\u0259r\u0259k\u0259t etmi\u015f v\u0259 suverenliyinin b\u0259rpas\u0131 istiqam\u0259tind\u0259 add\u0131mlar atm\u0131\u015fd\u0131r.<\/p>\n\n\n\n<p>&nbsp;XIII Qlobal Bak\u0131 Forumunda Prezident \u0130lham \u018fliyevin s\u0259sl\u0259ndirdiyi fikirl\u0259r m\u00fcasir beyn\u0259lxalq m\u00fcnasib\u0259tl\u0259r sistemind\u0259 t\u0259hl\u00fck\u0259sizlik v\u0259 sabitliyin n\u0259 q\u0259d\u0259r m\u00fch\u00fcm rol oynad\u0131\u011f\u0131n\u0131 bir daha g\u00f6st\u0259rdi. Ke\u00e7id d\u00f6vr\u00fcnd\u0259 olan d\u00fcnya yeni \u00e7a\u011f\u0131r\u0131\u015flarla \u00fczl\u0259\u015fir v\u0259 bu \u00e7a\u011f\u0131r\u0131\u015flara cavab verm\u0259k \u00fc\u00e7\u00fcn d\u00f6vl\u0259tl\u0259rin birg\u0259 f\u0259aliyy\u0259ti z\u0259ruridir. T\u0259hl\u00fck\u0259sizlik, sabitlik v\u0259 g\u00fccl\u00fc m\u00fcdafi\u0259 sistemi olmadan iqtisadi v\u0259 sosial inki\u015faf\u0131n davaml\u0131 olmas\u0131 m\u00fcmk\u00fcn deyil. Buna g\u00f6r\u0259 d\u0259 h\u0259r bir \u00f6lk\u0259 \u00f6z milli t\u0259hl\u00fck\u0259sizlik strategiyas\u0131n\u0131 g\u00fccl\u0259ndirm\u0259li, regional v\u0259 beyn\u0259lxalq \u0259m\u0259kda\u015fl\u0131\u011fa x\u00fcsusi diqq\u0259t yetirm\u0259lidir. M\u0259hz bu yana\u015fma d\u00fcnya \u00f6lk\u0259l\u0259ri aras\u0131nda etimad\u0131n m\u00f6hk\u0259ml\u0259nm\u0259sin\u0259, fikir ayr\u0131l\u0131qlar\u0131n\u0131n aradan qald\u0131r\u0131lmas\u0131na v\u0259 daha sabit beyn\u0259lxalq m\u00fchitin formala\u015fmas\u0131na xidm\u0259t ed\u0259 bil\u0259r.<\/p>\n\n\n\n<p>Pa\u015fa-zad\u0259&nbsp; Kamal \u00c7ingiz o\u011flu<\/p>\n\n\n\n<p>Qara Qarayev ad\u0131na M\u0259rk\u0259zi \u0130nc\u0259s\u0259n\u0259t M\u0259kt\u0259binin violon\u00e7el ixtisas\u0131 \u00fczr\u0259 m\u00fc\u0259llimi, Az\u0259rbaycan Respublikas\u0131n\u0131n \u018fm\u0259kdar m\u00fc\u0259llimi<\/p>\n","protected":false},"excerpt":{"rendered":"<p>Nizami G\u0259nc\u0259vi Beyn\u0259lxalq M\u0259rk\u0259zi t\u0259r\u0259find\u0259n t\u0259\u015fkil edil\u0259n Qlobal Bak\u0131 Forumu art\u0131q uzun ill\u0259rdir ki, qlobal probleml\u0259rin m\u00fczakir\u0259 edildiyi<\/p>\n","protected":false},"author":1,"featured_media":6977,"comment_status":"open","ping_status":"open","sticky":false,"template":"","format":"standard","meta":{"_coblocks_attr":"","_coblocks_dimensions":"","_coblocks_responsive_height":"","_coblocks_accordion_ie_support":"","footnotes":""},"categories":[5],"tags":[],"yoast_head":"<!-- This site is optimized with the Yoast SEO plugin v22.6 - https:\/\/yoast.com\/wordpress\/plugins\/seo\/ -->\n<title>\u00a0Qlobal \u00e7a\u011f\u0131r\u0131\u015flar v\u0259 birg\u0259 f\u0259aliyy\u0259tin z\u0259ruriliyi - Cari.az<\/title>\n<meta name=\"robots\" content=\"index, follow, max-snippet:-1, max-image-preview:large, max-video-preview:-1\" \/>\n<link rel=\"canonical\" href=\"https:\/\/cari.az\/?p=7503\" \/>\n<meta property=\"og:locale\" content=\"az_AZ\" \/>\n<meta property=\"og:type\" content=\"article\" \/>\n<meta property=\"og:title\" content=\"\u00a0Qlobal \u00e7a\u011f\u0131r\u0131\u015flar v\u0259 birg\u0259 f\u0259aliyy\u0259tin z\u0259ruriliyi - Cari.az\" \/>\n<meta property=\"og:description\" content=\"Nizami G\u0259nc\u0259vi Beyn\u0259lxalq M\u0259rk\u0259zi t\u0259r\u0259find\u0259n t\u0259\u015fkil edil\u0259n Qlobal Bak\u0131 Forumu art\u0131q uzun ill\u0259rdir ki, qlobal probleml\u0259rin m\u00fczakir\u0259 edildiyi\" \/>\n<meta property=\"og:url\" content=\"https:\/\/cari.az\/?p=7503\" \/>\n<meta property=\"og:site_name\" content=\"Cari.az\" \/>\n<meta property=\"article:published_time\" content=\"2026-03-16T07:38:14+00:00\" \/>\n<meta property=\"article:modified_time\" content=\"2026-03-16T07:38:16+00:00\" \/>\n<meta property=\"og:image\" content=\"http:\/\/cari.az\/wp-content\/uploads\/2025\/11\/kamal.jpg\" \/>\n\t<meta property=\"og:image:width\" content=\"539\" \/>\n\t<meta property=\"og:image:height\" content=\"375\" \/>\n\t<meta property=\"og:image:type\" content=\"image\/jpeg\" \/>\n<meta name=\"author\" content=\"Cari.az\" \/>\n<meta name=\"twitter:card\" content=\"summary_large_image\" \/>\n<meta name=\"twitter:label1\" content=\"Written by\" \/>\n\t<meta name=\"twitter:data1\" content=\"Cari.az\" \/>\n\t<meta name=\"twitter:label2\" content=\"Est. reading time\" \/>\n\t<meta name=\"twitter:data2\" content=\"5 minutes\" \/>\n<script type=\"application\/ld+json\" class=\"yoast-schema-graph\">{\"@context\":\"https:\/\/schema.org\",\"@graph\":[{\"@type\":\"WebPage\",\"@id\":\"https:\/\/cari.az\/?p=7503\",\"url\":\"https:\/\/cari.az\/?p=7503\",\"name\":\"\u00a0Qlobal \u00e7a\u011f\u0131r\u0131\u015flar v\u0259 birg\u0259 f\u0259aliyy\u0259tin z\u0259ruriliyi - Cari.az\",\"isPartOf\":{\"@id\":\"https:\/\/cari.az\/#website\"},\"primaryImageOfPage\":{\"@id\":\"https:\/\/cari.az\/?p=7503#primaryimage\"},\"image\":{\"@id\":\"https:\/\/cari.az\/?p=7503#primaryimage\"},\"thumbnailUrl\":\"https:\/\/cari.az\/wp-content\/uploads\/2025\/11\/kamal.jpg\",\"datePublished\":\"2026-03-16T07:38:14+00:00\",\"dateModified\":\"2026-03-16T07:38:16+00:00\",\"author\":{\"@id\":\"https:\/\/cari.az\/#\/schema\/person\/e62b6d8f24db7344f8b69bb0282c707f\"},\"breadcrumb\":{\"@id\":\"https:\/\/cari.az\/?p=7503#breadcrumb\"},\"inLanguage\":\"az\",\"potentialAction\":[{\"@type\":\"ReadAction\",\"target\":[\"https:\/\/cari.az\/?p=7503\"]}]},{\"@type\":\"ImageObject\",\"inLanguage\":\"az\",\"@id\":\"https:\/\/cari.az\/?p=7503#primaryimage\",\"url\":\"https:\/\/cari.az\/wp-content\/uploads\/2025\/11\/kamal.jpg\",\"contentUrl\":\"https:\/\/cari.az\/wp-content\/uploads\/2025\/11\/kamal.jpg\",\"width\":539,\"height\":375},{\"@type\":\"BreadcrumbList\",\"@id\":\"https:\/\/cari.az\/?p=7503#breadcrumb\",\"itemListElement\":[{\"@type\":\"ListItem\",\"position\":1,\"name\":\"Home\",\"item\":\"https:\/\/cari.az\/\"},{\"@type\":\"ListItem\",\"position\":2,\"name\":\"\u00a0Qlobal \u00e7a\u011f\u0131r\u0131\u015flar v\u0259 birg\u0259 f\u0259aliyy\u0259tin z\u0259ruriliyi\"}]},{\"@type\":\"WebSite\",\"@id\":\"https:\/\/cari.az\/#website\",\"url\":\"https:\/\/cari.az\/\",\"name\":\"Cari.az\",\"description\":\"\",\"potentialAction\":[{\"@type\":\"SearchAction\",\"target\":{\"@type\":\"EntryPoint\",\"urlTemplate\":\"https:\/\/cari.az\/?s={search_term_string}\"},\"query-input\":\"required name=search_term_string\"}],\"inLanguage\":\"az\"},{\"@type\":\"Person\",\"@id\":\"https:\/\/cari.az\/#\/schema\/person\/e62b6d8f24db7344f8b69bb0282c707f\",\"name\":\"Cari.az\",\"image\":{\"@type\":\"ImageObject\",\"inLanguage\":\"az\",\"@id\":\"https:\/\/cari.az\/#\/schema\/person\/image\/\",\"url\":\"https:\/\/secure.gravatar.com\/avatar\/492c8073cb40378886b9f79931f7d2ff?s=96&d=mm&r=g\",\"contentUrl\":\"https:\/\/secure.gravatar.com\/avatar\/492c8073cb40378886b9f79931f7d2ff?s=96&d=mm&r=g\",\"caption\":\"Cari.az\"},\"sameAs\":[\"http:\/\/cari.az\"],\"url\":\"https:\/\/cari.az\/?author=1\"}]}<\/script>\n<!-- \/ Yoast SEO plugin. -->","yoast_head_json":{"title":"\u00a0Qlobal \u00e7a\u011f\u0131r\u0131\u015flar v\u0259 birg\u0259 f\u0259aliyy\u0259tin z\u0259ruriliyi - Cari.az","robots":{"index":"index","follow":"follow","max-snippet":"max-snippet:-1","max-image-preview":"max-image-preview:large","max-video-preview":"max-video-preview:-1"},"canonical":"https:\/\/cari.az\/?p=7503","og_locale":"az_AZ","og_type":"article","og_title":"\u00a0Qlobal \u00e7a\u011f\u0131r\u0131\u015flar v\u0259 birg\u0259 f\u0259aliyy\u0259tin z\u0259ruriliyi - Cari.az","og_description":"Nizami G\u0259nc\u0259vi Beyn\u0259lxalq M\u0259rk\u0259zi t\u0259r\u0259find\u0259n t\u0259\u015fkil edil\u0259n Qlobal Bak\u0131 Forumu art\u0131q uzun ill\u0259rdir ki, qlobal probleml\u0259rin m\u00fczakir\u0259 edildiyi","og_url":"https:\/\/cari.az\/?p=7503","og_site_name":"Cari.az","article_published_time":"2026-03-16T07:38:14+00:00","article_modified_time":"2026-03-16T07:38:16+00:00","og_image":[{"width":539,"height":375,"url":"http:\/\/cari.az\/wp-content\/uploads\/2025\/11\/kamal.jpg","type":"image\/jpeg"}],"author":"Cari.az","twitter_card":"summary_large_image","twitter_misc":{"Written by":"Cari.az","Est. reading time":"5 minutes"},"schema":{"@context":"https:\/\/schema.org","@graph":[{"@type":"WebPage","@id":"https:\/\/cari.az\/?p=7503","url":"https:\/\/cari.az\/?p=7503","name":"\u00a0Qlobal \u00e7a\u011f\u0131r\u0131\u015flar v\u0259 birg\u0259 f\u0259aliyy\u0259tin z\u0259ruriliyi - Cari.az","isPartOf":{"@id":"https:\/\/cari.az\/#website"},"primaryImageOfPage":{"@id":"https:\/\/cari.az\/?p=7503#primaryimage"},"image":{"@id":"https:\/\/cari.az\/?p=7503#primaryimage"},"thumbnailUrl":"https:\/\/cari.az\/wp-content\/uploads\/2025\/11\/kamal.jpg","datePublished":"2026-03-16T07:38:14+00:00","dateModified":"2026-03-16T07:38:16+00:00","author":{"@id":"https:\/\/cari.az\/#\/schema\/person\/e62b6d8f24db7344f8b69bb0282c707f"},"breadcrumb":{"@id":"https:\/\/cari.az\/?p=7503#breadcrumb"},"inLanguage":"az","potentialAction":[{"@type":"ReadAction","target":["https:\/\/cari.az\/?p=7503"]}]},{"@type":"ImageObject","inLanguage":"az","@id":"https:\/\/cari.az\/?p=7503#primaryimage","url":"https:\/\/cari.az\/wp-content\/uploads\/2025\/11\/kamal.jpg","contentUrl":"https:\/\/cari.az\/wp-content\/uploads\/2025\/11\/kamal.jpg","width":539,"height":375},{"@type":"BreadcrumbList","@id":"https:\/\/cari.az\/?p=7503#breadcrumb","itemListElement":[{"@type":"ListItem","position":1,"name":"Home","item":"https:\/\/cari.az\/"},{"@type":"ListItem","position":2,"name":"\u00a0Qlobal \u00e7a\u011f\u0131r\u0131\u015flar v\u0259 birg\u0259 f\u0259aliyy\u0259tin z\u0259ruriliyi"}]},{"@type":"WebSite","@id":"https:\/\/cari.az\/#website","url":"https:\/\/cari.az\/","name":"Cari.az","description":"","potentialAction":[{"@type":"SearchAction","target":{"@type":"EntryPoint","urlTemplate":"https:\/\/cari.az\/?s={search_term_string}"},"query-input":"required name=search_term_string"}],"inLanguage":"az"},{"@type":"Person","@id":"https:\/\/cari.az\/#\/schema\/person\/e62b6d8f24db7344f8b69bb0282c707f","name":"Cari.az","image":{"@type":"ImageObject","inLanguage":"az","@id":"https:\/\/cari.az\/#\/schema\/person\/image\/","url":"https:\/\/secure.gravatar.com\/avatar\/492c8073cb40378886b9f79931f7d2ff?s=96&d=mm&r=g","contentUrl":"https:\/\/secure.gravatar.com\/avatar\/492c8073cb40378886b9f79931f7d2ff?s=96&d=mm&r=g","caption":"Cari.az"},"sameAs":["http:\/\/cari.az"],"url":"https:\/\/cari.az\/?author=1"}]}},"_links":{"self":[{"href":"https:\/\/cari.az\/index.php?rest_route=\/wp\/v2\/posts\/7503"}],"collection":[{"href":"https:\/\/cari.az\/index.php?rest_route=\/wp\/v2\/posts"}],"about":[{"href":"https:\/\/cari.az\/index.php?rest_route=\/wp\/v2\/types\/post"}],"author":[{"embeddable":true,"href":"https:\/\/cari.az\/index.php?rest_route=\/wp\/v2\/users\/1"}],"replies":[{"embeddable":true,"href":"https:\/\/cari.az\/index.php?rest_route=%2Fwp%2Fv2%2Fcomments&post=7503"}],"version-history":[{"count":1,"href":"https:\/\/cari.az\/index.php?rest_route=\/wp\/v2\/posts\/7503\/revisions"}],"predecessor-version":[{"id":7504,"href":"https:\/\/cari.az\/index.php?rest_route=\/wp\/v2\/posts\/7503\/revisions\/7504"}],"wp:featuredmedia":[{"embeddable":true,"href":"https:\/\/cari.az\/index.php?rest_route=\/wp\/v2\/media\/6977"}],"wp:attachment":[{"href":"https:\/\/cari.az\/index.php?rest_route=%2Fwp%2Fv2%2Fmedia&parent=7503"}],"wp:term":[{"taxonomy":"category","embeddable":true,"href":"https:\/\/cari.az\/index.php?rest_route=%2Fwp%2Fv2%2Fcategories&post=7503"},{"taxonomy":"post_tag","embeddable":true,"href":"https:\/\/cari.az\/index.php?rest_route=%2Fwp%2Fv2%2Ftags&post=7503"}],"curies":[{"name":"wp","href":"https:\/\/api.w.org\/{rel}","templated":true}]}}