{"id":7513,"date":"2026-03-16T15:14:29","date_gmt":"2026-03-16T11:14:29","guid":{"rendered":"https:\/\/cari.az\/?p=7513"},"modified":"2026-03-16T15:14:30","modified_gmt":"2026-03-16T11:14:30","slug":"bu-gun-enerji-t%c9%99hluk%c9%99sizliyi-olk%c9%99l%c9%99rin-milli-t%c9%99hluk%c9%99sizliyinin-ayrilmaz-hiss%c9%99si-olaraq-%c9%99vv%c9%99ll%c9%99r-hec-vaxt-olmadigi-q%c9%99d%c9%99r-on%c9%99m-dasiyir","status":"publish","type":"post","link":"https:\/\/cari.az\/?p=7513","title":{"rendered":"Bu g\u00fcn enerji t\u0259hl\u00fck\u0259sizliyi \u00f6lk\u0259l\u0259rin milli t\u0259hl\u00fck\u0259sizliyinin ayr\u0131lmaz hiss\u0259si olaraq \u0259vv\u0259ll\u0259r he\u00e7 vaxt olmad\u0131\u011f\u0131 q\u0259d\u0259r \u00f6n\u0259m da\u015f\u0131y\u0131r"},"content":{"rendered":"\n<p><strong>12 mart 2026-c\u0131 il tarixd\u0259 <\/strong><strong>Bak\u0131da, &#8220;G\u00fcl\u00fcstan&#8221; saray\u0131nda Az\u0259rbaycan Prezidenti \u0130lham \u018fliyevin himay\u0259si alt\u0131nda v\u0259 Nizami G\u0259nc\u0259vi Beyn\u0259lxalq M\u0259rk\u0259zinin t\u0259\u015fkilat\u00e7\u0131l\u0131\u011f\u0131 il\u0259 &#8220;Ke\u00e7id d\u00f6vr\u00fcnd\u0259 olan d\u00fcnyada fikir ayr\u0131l\u0131qlar\u0131n\u0131n aradan qald\u0131r\u0131lmas\u0131&#8221; m\u00f6vzusunda XIII Qlobal Bak\u0131 Forumu ke\u00e7irilir. Forumun indiki narahat g\u00fcnl\u0259rd\u0259 ke\u00e7irilm\u0259si t\u0259sad\u00fcfi deyil. \u00c7\u00fcnki onun i\u015find\u0259 eks-prezidentl\u0259r, ba\u015f nazirl\u0259r, tan\u0131nm\u0131\u015f siyas\u0259t\u00e7il\u0259r i\u015ftirak edirl\u0259r.<\/strong><\/p>\n\n\n\n<p>Az\u0259rbaycan Prezidenti \u0130lham \u018fliyev Forumun a\u00e7\u0131l\u0131\u015f m\u0259rasimind\u0259 i\u015ftirak v\u0259 \u00e7\u0131x\u0131\u015f edib. D\u00f6vl\u0259timizin ba\u015f\u00e7\u0131s\u0131 deyib: \u201cBu g\u00fcn enerji t\u0259hl\u00fck\u0259sizliyi \u00f6lk\u0259l\u0259rin milli t\u0259hl\u00fck\u0259sizliyinin ayr\u0131lmaz hiss\u0259si olaraq \u0259vv\u0259ll\u0259r he\u00e7 vaxt olmad\u0131\u011f\u0131 q\u0259d\u0259r \u00f6n\u0259m da\u015f\u0131y\u0131r. Az\u0259rbaycan b\u00fct\u00fcn enerji seqmentl\u0259rinin \u2013 neft, qaz, neft m\u0259hsullar\u0131, neft-kimya m\u0259hsullar\u0131 v\u0259 elektrik enerjisinin istehsal\u0131 v\u0259 ixrac\u0131 il\u0259 m\u0259\u015f\u011fuldur. Bazarda t\u0259l\u0259b v\u0259 t\u0259dar\u00fck co\u011frafiyas\u0131n\u0131n geni\u015fl\u0259nm\u0259si il\u0259 ba\u011fl\u0131 biz ixrac\u0131m\u0131z\u0131, x\u00fcsusil\u0259 t\u0259bii qaz v\u0259 elektrik enerjisinin ixrac\u0131n\u0131 art\u0131rma\u011f\u0131 planla\u015fd\u0131r\u0131r\u0131q. Ke\u00e7\u0259n il &#8211; d\u00fcz bir il \u0259vv\u0259l g\u00f6r\u00fc\u015fd\u00fcy\u00fcm\u00fcz zaman bizd\u0259n qaz alan \u00f6lk\u0259l\u0259rin say\u0131 12 idi. Bir il \u0259rzind\u0259 bu g\u00f6st\u0259rici 16-ya y\u00fcks\u0259ldi v\u0259 onlar\u0131n ham\u0131s\u0131 Az\u0259rbaycandan qaz\u0131 boru k\u0259m\u0259rl\u0259ri vasit\u0259sil\u0259 al\u0131r. Bel\u0259likl\u0259, boru k\u0259m\u0259rl\u0259ri vasit\u0259sil\u0259 t\u0259bii qaz ixracat\u00e7\u0131s\u0131 kimi, \u00f6lk\u0259l\u0259rin co\u011frafi \u0259hat\u0259sin\u0259 g\u00f6r\u0259 Az\u0259rbaycan d\u00fcnyada birinci yerd\u0259dir. \u0130xrac h\u0259cmi artmaqda davam edir v\u0259 artacaq, bu is\u0259 bir \u00e7ox \u00f6lk\u0259 \u00fc\u00e7\u00fcn enerji t\u0259hl\u00fck\u0259sizliyi bax\u0131m\u0131ndan m\u00fch\u00fcm amildir. Az\u0259rbaycan beyn\u0259lxalq bazara etibarl\u0131 neft t\u0259chizat\u00e7\u0131s\u0131 kimi enerji t\u0259hl\u00fck\u0259sizliyin\u0259 t\u00f6hf\u0259sini verm\u0259y\u0259 davam ed\u0259c\u0259k.\u201d<\/p>\n\n\n\n<p>Xarici qonaqlar\u0131n qar\u015f\u0131s\u0131ndak\u0131 bu \u00e7\u0131x\u0131\u015f onu g\u00f6st\u0259rir ki, Az\u0259rbaycan \u00f6z s\u0259m\u0259r\u0259li \u0259m\u0259kda\u015fl\u0131q v\u0259 humanist m\u00f6vqeyind\u0259 qalmaqdad\u0131r. Lakin \u00f6lk\u0259mizd\u0259n as\u0131l\u0131 olmayan s\u0259b\u0259bl\u0259r\u0259 g\u00f6r\u0259 b\u00fct\u00fcn i\u015fl\u0259r he\u00e7 d\u0259 r\u0259van getmir. M\u00fcnaqi\u015f\u0259l\u0259r v\u0259 m\u00fcharib\u0259l\u0259r buna m\u00fc\u0259yy\u0259n q\u0259d\u0259r m\u0259nfi t\u0259sir edir. Prezident \u0130lham \u018fliyev m\u00fcnaqi\u015f\u0259l\u0259rin v\u0259 m\u00fcharib\u0259nin ciddi f\u0259sadlar\u0131n\u0131n \u00fcmumi inki\u015fafa mane oldu\u011funu vur\u011fulay\u0131b:<\/p>\n\n\n\n<p>&nbsp;&nbsp;&nbsp;&nbsp;&nbsp;&nbsp;&nbsp;&nbsp;&nbsp; \u201cBiz g\u00f6r\u00fcr\u00fck ki, m\u00fcnaqi\u015f\u0259l\u0259r \u0259n\u0259n\u0259vi n\u0259qliyyat mar\u015frutlar\u0131n\u0131n pozulmas\u0131na s\u0259b\u0259b olur v\u0259 bu, h\u0259m insanlar, h\u0259m \u00f6lk\u0259l\u0259r, h\u0259m iqtisadiyyat, h\u0259m d\u0259 t\u0259dar\u00fck z\u0259ncirl\u0259ri \u00fc\u00e7\u00fcn b\u00f6y\u00fck \u00e7\u0259tinlikl\u0259r yarad\u0131r. Ba\u011fl\u0131l\u0131q v\u0259 n\u0259qliyyat mar\u015frutlar\u0131 pozulduqda d\u00fcnya \u00f6lk\u0259l\u0259rinin \u0259ks\u0259riyy\u0259ti \u00e7ox \u00e7\u0259tin v\u0259ziyy\u0259tl\u0259 \u00fczl\u0259\u015fir. Az\u0259rbaycan qaz\u0131nt\u0131 yanaca\u011f\u0131 n\u00f6vl\u0259rinin sat\u0131\u015f\u0131ndan \u0259ld\u0259 etdiyi g\u0259lirl\u0259r say\u0259sind\u0259 n\u0259qliyyat v\u0259 logistika infrastrukturuna b\u00f6y\u00fck s\u0259rmay\u0259 yat\u0131r\u0131b. Bu g\u00fcn biz \u015e\u0259rq-Q\u0259rb v\u0259 \u015eimal-C\u0259nub d\u0259hlizl\u0259ri \u00fczr\u0259 \u0259v\u0259zolunmaz t\u0259r\u0259fda\u015f\u0131q v\u0259 \u0259slind\u0259, h\u0259m Orta D\u0259hlizd\u0259, h\u0259m d\u0259 \u015eimal-Q\u0259rb d\u0259hlizind\u0259 f\u0259al i\u015ftirak ed\u0259n v\u0259 investisiya yat\u0131ran yegan\u0259 \u00f6lk\u0259yik. Az\u0259rbaycan \u0259razisind\u0259 h\u0259r iki d\u0259hliz \u00fczr\u0259 tikinti layih\u0259l\u0259ri tam \u015f\u0259kild\u0259 ba\u015fa \u00e7atd\u0131r\u0131lm\u0131\u015fd\u0131r.\u201d<\/p>\n\n\n\n<p>Bu m\u00f6vzuda fikrini yekunla\u015fd\u0131ran Prezident \u201cS\u00fclhd\u0259n yax\u015f\u0131 he\u00e7 n\u0259 yoxdur\u201d-deyib. \u0130qtisadi m\u00f6vzudan geni\u015f b\u0259hs ed\u0259n d\u00f6vl\u0259t ba\u015f\u00e7\u0131m\u0131z Az\u0259rbaycan\u0131n bu sah\u0259d\u0259 d\u0259 z\u0259ngin t\u0259cr\u00fcb\u0259si oldu\u011funu qonaqlar\u0131n diqq\u0259tin\u0259 \u00e7atd\u0131r\u0131b.<\/p>\n\n\n\n<p>XIII Qlobal Bak\u0131 Forumunun strateji \u00e7\u0259kisi h\u0259m d\u0259 t\u0259msil\u00e7ilik s\u0259viyy\u0259si il\u0259 \u00f6l\u00e7\u00fcl\u00fcr. D\u00fcnyan\u0131n f\u0259rqli qit\u0259l\u0259rini t\u0259msil ed\u0259n sabiq v\u0259 f\u0259aliyy\u0259td\u0259 olan prezidentl\u0259r, ba\u015f nazirl\u0259r, xarici i\u015fl\u0259r nazirl\u0259ri, t\u0259\u015fkilat r\u0259hb\u0259rl\u0259ri v\u0259 n\u00fcfuzlu t\u0259dqiqat\u00e7\u0131lar vahid m\u0259qs\u0259d \u0259traf\u0131nda topla\u015f\u0131blar. \u018fsas m\u0259qs\u0259d f\u0259rqlilikl\u0259ri d\u00fc\u015fm\u0259n\u00e7ilik m\u0259nb\u0259yind\u0259n \u00e7\u0131xararaq inki\u015faf amilin\u0259 \u00e7evirm\u0259kdir. Asiya qit\u0259sinin iqtisadi potensial\u0131 Avropan\u0131n texnoloji imkanlar\u0131 il\u0259 inteqrasiya edildikd\u0259 b\u00fct\u00fcn t\u0259r\u0259fl\u0259r m\u0259nf\u0259\u0259t g\u00f6t\u00fcr\u00fcr.<\/p>\n\n\n\n<p>Beyn\u0259lxalq formatlarda s\u0259sl\u0259ndiril\u0259n tezisl\u0259r m\u0259d\u0259niyy\u0259tl\u0259raras\u0131 dialoqun \u0259h\u0259miyy\u0259tini daha d\u0259rind\u0259n d\u0259rk etm\u0259y\u0259 vadar edir. Multikultural d\u0259y\u0259rl\u0259r\u0259 sadiq qalan, f\u0259rqli dinl\u0259rin, etnik qruplar\u0131n v\u0259 inanc sahibl\u0259rinin s\u00fclh \u015f\u0259raitind\u0259 ya\u015famas\u0131n\u0131 t\u0259min ed\u0259n m\u00fchit tolerantl\u0131q simvoludur. Dini radikalizmin, radikal \u00e7\u0131x\u0131\u015flar\u0131n v\u0259 irq\u00e7iliyin t\u00fc\u011fyan etdiyi qit\u0259l\u0259rd\u0259n f\u0259rqli olaraq, C\u0259nubi Qafqazda f\u0259rqlilikl\u0259r c\u0259miyy\u0259ti par\u00e7alam\u0131r, \u0259ksin\u0259, onu ir\u0259liy\u0259 do\u011fru apar\u0131r.<\/p>\n\n\n\n<p>XIII Qlobal Bak\u0131 Forumuna topla\u015fan beyn\u0259lxalq elitan\u0131n \u0259n \u00e7ox t\u0259qdir etdiyi m\u0259qamlardan ikincisi m\u0259hz h\u0259min inteqrasiya bacar\u0131\u011f\u0131d\u0131r. T\u0259crid siyas\u0259ti y\u00fcr\u00fcd\u0259n, monom\u0259d\u0259niyy\u0259t yaradan rejiml\u0259r is\u0259 m\u0259n\u0259vi t\u0259n\u0259zz\u00fcl\u0259 u\u011fray\u0131r, intellektual potensiallar\u0131n\u0131 itirirl\u0259r. Siyasi dialoq f\u0259rqli m\u0259d\u0259niyy\u0259tl\u0259rin b\u0259rab\u0259rliyin\u0259 s\u00f6yk\u0259ndikd\u0259 \u0259ld\u0259 edil\u0259n n\u0259tic\u0259l\u0259r daimi v\u0259 q\u0131r\u0131lmaz xarakter da\u015f\u0131y\u0131r.<\/p>\n\n\n\n<p><strong>Niyam\u0259ddin \u018fsg\u0259rov<\/strong><strong>,<\/strong><\/p>\n\n\n\n<p><strong>Yeni Az\u0259rbaycan Partiyas\u0131 Beyl\u0259qan rayon t\u0259\u015fkilat\u0131n\u0131n s\u0259dr m\u00fcavini<\/strong><strong><\/strong><\/p>\n","protected":false},"excerpt":{"rendered":"<p>12 mart 2026-c\u0131 il tarixd\u0259 Bak\u0131da, &#8220;G\u00fcl\u00fcstan&#8221; saray\u0131nda Az\u0259rbaycan Prezidenti \u0130lham \u018fliyevin himay\u0259si alt\u0131nda v\u0259 Nizami G\u0259nc\u0259vi Beyn\u0259lxalq<\/p>\n","protected":false},"author":1,"featured_media":6986,"comment_status":"open","ping_status":"open","sticky":false,"template":"","format":"standard","meta":{"_coblocks_attr":"","_coblocks_dimensions":"","_coblocks_responsive_height":"","_coblocks_accordion_ie_support":"","footnotes":""},"categories":[5],"tags":[],"yoast_head":"<!-- This site is optimized with the Yoast SEO plugin v22.6 - https:\/\/yoast.com\/wordpress\/plugins\/seo\/ -->\n<title>Bu g\u00fcn enerji t\u0259hl\u00fck\u0259sizliyi \u00f6lk\u0259l\u0259rin milli t\u0259hl\u00fck\u0259sizliyinin ayr\u0131lmaz hiss\u0259si olaraq \u0259vv\u0259ll\u0259r he\u00e7 vaxt olmad\u0131\u011f\u0131 q\u0259d\u0259r \u00f6n\u0259m da\u015f\u0131y\u0131r - Cari.az<\/title>\n<meta name=\"robots\" content=\"index, follow, max-snippet:-1, max-image-preview:large, max-video-preview:-1\" \/>\n<link rel=\"canonical\" href=\"https:\/\/cari.az\/?p=7513\" \/>\n<meta property=\"og:locale\" content=\"az_AZ\" \/>\n<meta property=\"og:type\" content=\"article\" \/>\n<meta property=\"og:title\" content=\"Bu g\u00fcn enerji t\u0259hl\u00fck\u0259sizliyi \u00f6lk\u0259l\u0259rin milli t\u0259hl\u00fck\u0259sizliyinin ayr\u0131lmaz hiss\u0259si olaraq \u0259vv\u0259ll\u0259r he\u00e7 vaxt olmad\u0131\u011f\u0131 q\u0259d\u0259r \u00f6n\u0259m da\u015f\u0131y\u0131r - Cari.az\" \/>\n<meta property=\"og:description\" content=\"12 mart 2026-c\u0131 il tarixd\u0259 Bak\u0131da, &#8220;G\u00fcl\u00fcstan&#8221; saray\u0131nda Az\u0259rbaycan Prezidenti \u0130lham \u018fliyevin himay\u0259si alt\u0131nda v\u0259 Nizami G\u0259nc\u0259vi Beyn\u0259lxalq\" \/>\n<meta property=\"og:url\" content=\"https:\/\/cari.az\/?p=7513\" \/>\n<meta property=\"og:site_name\" content=\"Cari.az\" \/>\n<meta property=\"article:published_time\" content=\"2026-03-16T11:14:29+00:00\" \/>\n<meta property=\"article:modified_time\" content=\"2026-03-16T11:14:30+00:00\" \/>\n<meta property=\"og:image\" content=\"http:\/\/cari.az\/wp-content\/uploads\/2025\/11\/Niyam\u0259ddin-Esg\u0259rov.jpg\" \/>\n\t<meta property=\"og:image:width\" content=\"1140\" \/>\n\t<meta property=\"og:image:height\" content=\"570\" \/>\n\t<meta property=\"og:image:type\" content=\"image\/jpeg\" \/>\n<meta name=\"author\" content=\"Cari.az\" \/>\n<meta name=\"twitter:card\" content=\"summary_large_image\" \/>\n<meta name=\"twitter:label1\" content=\"Written by\" \/>\n\t<meta name=\"twitter:data1\" content=\"Cari.az\" \/>\n\t<meta name=\"twitter:label2\" content=\"Est. reading time\" \/>\n\t<meta name=\"twitter:data2\" content=\"4 minutes\" \/>\n<script type=\"application\/ld+json\" class=\"yoast-schema-graph\">{\"@context\":\"https:\/\/schema.org\",\"@graph\":[{\"@type\":\"WebPage\",\"@id\":\"https:\/\/cari.az\/?p=7513\",\"url\":\"https:\/\/cari.az\/?p=7513\",\"name\":\"Bu g\u00fcn enerji t\u0259hl\u00fck\u0259sizliyi \u00f6lk\u0259l\u0259rin milli t\u0259hl\u00fck\u0259sizliyinin ayr\u0131lmaz hiss\u0259si olaraq \u0259vv\u0259ll\u0259r he\u00e7 vaxt olmad\u0131\u011f\u0131 q\u0259d\u0259r \u00f6n\u0259m da\u015f\u0131y\u0131r - Cari.az\",\"isPartOf\":{\"@id\":\"https:\/\/cari.az\/#website\"},\"primaryImageOfPage\":{\"@id\":\"https:\/\/cari.az\/?p=7513#primaryimage\"},\"image\":{\"@id\":\"https:\/\/cari.az\/?p=7513#primaryimage\"},\"thumbnailUrl\":\"https:\/\/cari.az\/wp-content\/uploads\/2025\/11\/Niyam\u0259ddin-Esg\u0259rov.jpg\",\"datePublished\":\"2026-03-16T11:14:29+00:00\",\"dateModified\":\"2026-03-16T11:14:30+00:00\",\"author\":{\"@id\":\"https:\/\/cari.az\/#\/schema\/person\/e62b6d8f24db7344f8b69bb0282c707f\"},\"breadcrumb\":{\"@id\":\"https:\/\/cari.az\/?p=7513#breadcrumb\"},\"inLanguage\":\"az\",\"potentialAction\":[{\"@type\":\"ReadAction\",\"target\":[\"https:\/\/cari.az\/?p=7513\"]}]},{\"@type\":\"ImageObject\",\"inLanguage\":\"az\",\"@id\":\"https:\/\/cari.az\/?p=7513#primaryimage\",\"url\":\"https:\/\/cari.az\/wp-content\/uploads\/2025\/11\/Niyam\u0259ddin-Esg\u0259rov.jpg\",\"contentUrl\":\"https:\/\/cari.az\/wp-content\/uploads\/2025\/11\/Niyam\u0259ddin-Esg\u0259rov.jpg\",\"width\":1140,\"height\":570},{\"@type\":\"BreadcrumbList\",\"@id\":\"https:\/\/cari.az\/?p=7513#breadcrumb\",\"itemListElement\":[{\"@type\":\"ListItem\",\"position\":1,\"name\":\"Home\",\"item\":\"https:\/\/cari.az\/\"},{\"@type\":\"ListItem\",\"position\":2,\"name\":\"Bu g\u00fcn enerji t\u0259hl\u00fck\u0259sizliyi \u00f6lk\u0259l\u0259rin milli t\u0259hl\u00fck\u0259sizliyinin ayr\u0131lmaz hiss\u0259si olaraq \u0259vv\u0259ll\u0259r he\u00e7 vaxt olmad\u0131\u011f\u0131 q\u0259d\u0259r \u00f6n\u0259m da\u015f\u0131y\u0131r\"}]},{\"@type\":\"WebSite\",\"@id\":\"https:\/\/cari.az\/#website\",\"url\":\"https:\/\/cari.az\/\",\"name\":\"Cari.az\",\"description\":\"\",\"potentialAction\":[{\"@type\":\"SearchAction\",\"target\":{\"@type\":\"EntryPoint\",\"urlTemplate\":\"https:\/\/cari.az\/?s={search_term_string}\"},\"query-input\":\"required name=search_term_string\"}],\"inLanguage\":\"az\"},{\"@type\":\"Person\",\"@id\":\"https:\/\/cari.az\/#\/schema\/person\/e62b6d8f24db7344f8b69bb0282c707f\",\"name\":\"Cari.az\",\"image\":{\"@type\":\"ImageObject\",\"inLanguage\":\"az\",\"@id\":\"https:\/\/cari.az\/#\/schema\/person\/image\/\",\"url\":\"https:\/\/secure.gravatar.com\/avatar\/492c8073cb40378886b9f79931f7d2ff?s=96&d=mm&r=g\",\"contentUrl\":\"https:\/\/secure.gravatar.com\/avatar\/492c8073cb40378886b9f79931f7d2ff?s=96&d=mm&r=g\",\"caption\":\"Cari.az\"},\"sameAs\":[\"http:\/\/cari.az\"],\"url\":\"https:\/\/cari.az\/?author=1\"}]}<\/script>\n<!-- \/ Yoast SEO plugin. -->","yoast_head_json":{"title":"Bu g\u00fcn enerji t\u0259hl\u00fck\u0259sizliyi \u00f6lk\u0259l\u0259rin milli t\u0259hl\u00fck\u0259sizliyinin ayr\u0131lmaz hiss\u0259si olaraq \u0259vv\u0259ll\u0259r he\u00e7 vaxt olmad\u0131\u011f\u0131 q\u0259d\u0259r \u00f6n\u0259m da\u015f\u0131y\u0131r - Cari.az","robots":{"index":"index","follow":"follow","max-snippet":"max-snippet:-1","max-image-preview":"max-image-preview:large","max-video-preview":"max-video-preview:-1"},"canonical":"https:\/\/cari.az\/?p=7513","og_locale":"az_AZ","og_type":"article","og_title":"Bu g\u00fcn enerji t\u0259hl\u00fck\u0259sizliyi \u00f6lk\u0259l\u0259rin milli t\u0259hl\u00fck\u0259sizliyinin ayr\u0131lmaz hiss\u0259si olaraq \u0259vv\u0259ll\u0259r he\u00e7 vaxt olmad\u0131\u011f\u0131 q\u0259d\u0259r \u00f6n\u0259m da\u015f\u0131y\u0131r - Cari.az","og_description":"12 mart 2026-c\u0131 il tarixd\u0259 Bak\u0131da, &#8220;G\u00fcl\u00fcstan&#8221; saray\u0131nda Az\u0259rbaycan Prezidenti \u0130lham \u018fliyevin himay\u0259si alt\u0131nda v\u0259 Nizami G\u0259nc\u0259vi Beyn\u0259lxalq","og_url":"https:\/\/cari.az\/?p=7513","og_site_name":"Cari.az","article_published_time":"2026-03-16T11:14:29+00:00","article_modified_time":"2026-03-16T11:14:30+00:00","og_image":[{"width":1140,"height":570,"url":"http:\/\/cari.az\/wp-content\/uploads\/2025\/11\/Niyam\u0259ddin-Esg\u0259rov.jpg","type":"image\/jpeg"}],"author":"Cari.az","twitter_card":"summary_large_image","twitter_misc":{"Written by":"Cari.az","Est. reading time":"4 minutes"},"schema":{"@context":"https:\/\/schema.org","@graph":[{"@type":"WebPage","@id":"https:\/\/cari.az\/?p=7513","url":"https:\/\/cari.az\/?p=7513","name":"Bu g\u00fcn enerji t\u0259hl\u00fck\u0259sizliyi \u00f6lk\u0259l\u0259rin milli t\u0259hl\u00fck\u0259sizliyinin ayr\u0131lmaz hiss\u0259si olaraq \u0259vv\u0259ll\u0259r he\u00e7 vaxt olmad\u0131\u011f\u0131 q\u0259d\u0259r \u00f6n\u0259m da\u015f\u0131y\u0131r - Cari.az","isPartOf":{"@id":"https:\/\/cari.az\/#website"},"primaryImageOfPage":{"@id":"https:\/\/cari.az\/?p=7513#primaryimage"},"image":{"@id":"https:\/\/cari.az\/?p=7513#primaryimage"},"thumbnailUrl":"https:\/\/cari.az\/wp-content\/uploads\/2025\/11\/Niyam\u0259ddin-Esg\u0259rov.jpg","datePublished":"2026-03-16T11:14:29+00:00","dateModified":"2026-03-16T11:14:30+00:00","author":{"@id":"https:\/\/cari.az\/#\/schema\/person\/e62b6d8f24db7344f8b69bb0282c707f"},"breadcrumb":{"@id":"https:\/\/cari.az\/?p=7513#breadcrumb"},"inLanguage":"az","potentialAction":[{"@type":"ReadAction","target":["https:\/\/cari.az\/?p=7513"]}]},{"@type":"ImageObject","inLanguage":"az","@id":"https:\/\/cari.az\/?p=7513#primaryimage","url":"https:\/\/cari.az\/wp-content\/uploads\/2025\/11\/Niyam\u0259ddin-Esg\u0259rov.jpg","contentUrl":"https:\/\/cari.az\/wp-content\/uploads\/2025\/11\/Niyam\u0259ddin-Esg\u0259rov.jpg","width":1140,"height":570},{"@type":"BreadcrumbList","@id":"https:\/\/cari.az\/?p=7513#breadcrumb","itemListElement":[{"@type":"ListItem","position":1,"name":"Home","item":"https:\/\/cari.az\/"},{"@type":"ListItem","position":2,"name":"Bu g\u00fcn enerji t\u0259hl\u00fck\u0259sizliyi \u00f6lk\u0259l\u0259rin milli t\u0259hl\u00fck\u0259sizliyinin ayr\u0131lmaz hiss\u0259si olaraq \u0259vv\u0259ll\u0259r he\u00e7 vaxt olmad\u0131\u011f\u0131 q\u0259d\u0259r \u00f6n\u0259m da\u015f\u0131y\u0131r"}]},{"@type":"WebSite","@id":"https:\/\/cari.az\/#website","url":"https:\/\/cari.az\/","name":"Cari.az","description":"","potentialAction":[{"@type":"SearchAction","target":{"@type":"EntryPoint","urlTemplate":"https:\/\/cari.az\/?s={search_term_string}"},"query-input":"required name=search_term_string"}],"inLanguage":"az"},{"@type":"Person","@id":"https:\/\/cari.az\/#\/schema\/person\/e62b6d8f24db7344f8b69bb0282c707f","name":"Cari.az","image":{"@type":"ImageObject","inLanguage":"az","@id":"https:\/\/cari.az\/#\/schema\/person\/image\/","url":"https:\/\/secure.gravatar.com\/avatar\/492c8073cb40378886b9f79931f7d2ff?s=96&d=mm&r=g","contentUrl":"https:\/\/secure.gravatar.com\/avatar\/492c8073cb40378886b9f79931f7d2ff?s=96&d=mm&r=g","caption":"Cari.az"},"sameAs":["http:\/\/cari.az"],"url":"https:\/\/cari.az\/?author=1"}]}},"_links":{"self":[{"href":"https:\/\/cari.az\/index.php?rest_route=\/wp\/v2\/posts\/7513"}],"collection":[{"href":"https:\/\/cari.az\/index.php?rest_route=\/wp\/v2\/posts"}],"about":[{"href":"https:\/\/cari.az\/index.php?rest_route=\/wp\/v2\/types\/post"}],"author":[{"embeddable":true,"href":"https:\/\/cari.az\/index.php?rest_route=\/wp\/v2\/users\/1"}],"replies":[{"embeddable":true,"href":"https:\/\/cari.az\/index.php?rest_route=%2Fwp%2Fv2%2Fcomments&post=7513"}],"version-history":[{"count":1,"href":"https:\/\/cari.az\/index.php?rest_route=\/wp\/v2\/posts\/7513\/revisions"}],"predecessor-version":[{"id":7514,"href":"https:\/\/cari.az\/index.php?rest_route=\/wp\/v2\/posts\/7513\/revisions\/7514"}],"wp:featuredmedia":[{"embeddable":true,"href":"https:\/\/cari.az\/index.php?rest_route=\/wp\/v2\/media\/6986"}],"wp:attachment":[{"href":"https:\/\/cari.az\/index.php?rest_route=%2Fwp%2Fv2%2Fmedia&parent=7513"}],"wp:term":[{"taxonomy":"category","embeddable":true,"href":"https:\/\/cari.az\/index.php?rest_route=%2Fwp%2Fv2%2Fcategories&post=7513"},{"taxonomy":"post_tag","embeddable":true,"href":"https:\/\/cari.az\/index.php?rest_route=%2Fwp%2Fv2%2Ftags&post=7513"}],"curies":[{"name":"wp","href":"https:\/\/api.w.org\/{rel}","templated":true}]}}