{"id":7516,"date":"2026-03-18T23:59:49","date_gmt":"2026-03-18T19:59:49","guid":{"rendered":"https:\/\/cari.az\/?p=7516"},"modified":"2026-03-18T23:59:50","modified_gmt":"2026-03-18T19:59:50","slug":"g%c9%99nc%c9%99d%c9%99-pes%c9%99-m%c9%99kt%c9%99bind%c9%99-novruz-bayrami-qeyd-olunub","status":"publish","type":"post","link":"https:\/\/cari.az\/?p=7516","title":{"rendered":"G\u0259nc\u0259d\u0259 pe\u015f\u0259 m\u0259kt\u0259bind\u0259 Novruz bayram\u0131 qeyd olunub"},"content":{"rendered":"\n<p>S\u0259naye v\u0259 Texnologiyalar \u00fczr\u0259 G\u0259nc\u0259 D\u00f6vl\u0259t Pe\u015f\u0259 T\u0259hsil M\u0259rk\u0259zinin 1-ci korpusunda Novruz bayram\u0131 m\u00fcnasib\u0259til\u0259 m\u00f6ht\u0259\u015f\u0259m bayram \u015f\u0259nliyi ke\u00e7irilib. Bahar\u0131n g\u0259li\u015fini, birlik v\u0259 h\u0259mr\u0259yliyi \u0259ks etdir\u0259n t\u0259dbir m\u00fc\u0259llim v\u0259 t\u0259l\u0259b\u0259 kollektivinin birg\u0259 z\u0259hm\u0259ti say\u0259sind\u0259 s\u0259mimi v\u0259 yaddaqalan bir g\u00fcn\u0259 \u00e7evrilib.<\/p>\n\n\n\n<p>T\u0259dbir boyu s\u0259sl\u0259n\u0259n \u015f\u0259n v\u0259 maraql\u0131 musiqil\u0259r, r\u0259ngar\u0259ng r\u0259qsl\u0259r v\u0259 milli ad\u0259tl\u0259rimiz\u0259 uy\u011fun haz\u0131rlanan s\u0259hn\u0259cikl\u0259r bayram ab-havas\u0131n\u0131 daha da y\u00fcks\u0259ldib. Kosa v\u0259 ke\u00e7\u0259l \u00f6z zarafatyana \u00e7\u0131x\u0131\u015flar\u0131 il\u0259 \u015f\u0259nliy\u0259 x\u00fcsusi r\u0259ng qat\u0131b, xo\u015f \u0259hval-ruhiyy\u0259 b\u0259x\u015f edib.<\/p>\n\n\n\n<p>\u015e\u0259nlikd\u0259 qonaq qismind\u0259 i\u015ftirak ed\u0259n V\u0259t\u0259n m\u00fcharib\u0259sinin i\u015ft\u0131rak\u00e7\u0131lar\u0131 t\u0259dbir\u0259 x\u00fcsusi m\u0259n\u0259vi d\u0259y\u0259r qat\u0131b.<\/p>\n\n\n\n<p>Sonda Novruz \u0259n\u0259n\u0259sin\u0259 uy\u011fun olaraq tonqal qalan\u0131b, bahar\u0131n g\u0259li\u015fi b\u00f6y\u00fck co\u015fqu il\u0259 qeyd olunub. Ham\u0131 birlikd\u0259 \u201cYall\u0131\u201d r\u0259qs ed\u0259r\u0259k bayram sevincini payla\u015f\u0131b.<\/p>\n\n\n\n<figure class=\"wp-block-image\"><a href=\"https:\/\/informasiya.az\/wp-content\/uploads\/2026\/03\/SAVE_20260318_235608.jpg\"><img decoding=\"async\" src=\"https:\/\/informasiya.az\/wp-content\/uploads\/2026\/03\/SAVE_20260318_235608-150x150.jpg\" alt=\"\"\/><\/a><\/figure>\n\n\n\n<figure class=\"wp-block-image\"><a href=\"https:\/\/informasiya.az\/wp-content\/uploads\/2026\/03\/SAVE_20260318_235629.jpg\"><img decoding=\"async\" src=\"https:\/\/informasiya.az\/wp-content\/uploads\/2026\/03\/SAVE_20260318_235629-150x150.jpg\" alt=\"\"\/><\/a><\/figure>\n\n\n\n<figure class=\"wp-block-image\"><a href=\"https:\/\/informasiya.az\/wp-content\/uploads\/2026\/03\/SAVE_20260318_235625.jpg\"><img decoding=\"async\" src=\"https:\/\/informasiya.az\/wp-content\/uploads\/2026\/03\/SAVE_20260318_235625-150x150.jpg\" alt=\"\"\/><\/a><\/figure>\n\n\n\n<figure class=\"wp-block-image\"><a href=\"https:\/\/informasiya.az\/wp-content\/uploads\/2026\/03\/SAVE_20260318_235620.jpg\"><img decoding=\"async\" src=\"https:\/\/informasiya.az\/wp-content\/uploads\/2026\/03\/SAVE_20260318_235620-150x150.jpg\" alt=\"\"\/><\/a><\/figure>\n\n\n\n<figure class=\"wp-block-image\"><a href=\"https:\/\/informasiya.az\/wp-content\/uploads\/2026\/03\/SAVE_20260318_235613.jpg\"><img decoding=\"async\" src=\"https:\/\/informasiya.az\/wp-content\/uploads\/2026\/03\/SAVE_20260318_235613-150x150.jpg\" alt=\"\"\/><\/a><\/figure>\n\n\n\n<figure class=\"wp-block-image\"><a href=\"https:\/\/informasiya.az\/wp-content\/uploads\/2026\/03\/SAVE_20260318_235602.jpg\"><img decoding=\"async\" src=\"https:\/\/informasiya.az\/wp-content\/uploads\/2026\/03\/SAVE_20260318_235602-150x150.jpg\" alt=\"\"\/><\/a><\/figure>\n","protected":false},"excerpt":{"rendered":"<p>S\u0259naye v\u0259 Texnologiyalar \u00fczr\u0259 G\u0259nc\u0259 D\u00f6vl\u0259t Pe\u015f\u0259 T\u0259hsil M\u0259rk\u0259zinin 1-ci korpusunda Novruz bayram\u0131 m\u00fcnasib\u0259til\u0259 m\u00f6ht\u0259\u015f\u0259m bayram \u015f\u0259nliyi ke\u00e7irilib.<\/p>\n","protected":false},"author":1,"featured_media":7517,"comment_status":"open","ping_status":"open","sticky":false,"template":"","format":"standard","meta":{"_coblocks_attr":"","_coblocks_dimensions":"","_coblocks_responsive_height":"","_coblocks_accordion_ie_support":"","footnotes":""},"categories":[8],"tags":[],"yoast_head":"<!-- This site is optimized with the Yoast SEO plugin v22.6 - https:\/\/yoast.com\/wordpress\/plugins\/seo\/ -->\n<title>G\u0259nc\u0259d\u0259 pe\u015f\u0259 m\u0259kt\u0259bind\u0259 Novruz bayram\u0131 qeyd olunub - Cari.az<\/title>\n<meta name=\"robots\" content=\"index, follow, max-snippet:-1, max-image-preview:large, max-video-preview:-1\" \/>\n<link rel=\"canonical\" href=\"https:\/\/cari.az\/?p=7516\" \/>\n<meta property=\"og:locale\" content=\"az_AZ\" \/>\n<meta property=\"og:type\" content=\"article\" \/>\n<meta property=\"og:title\" content=\"G\u0259nc\u0259d\u0259 pe\u015f\u0259 m\u0259kt\u0259bind\u0259 Novruz bayram\u0131 qeyd olunub - Cari.az\" \/>\n<meta property=\"og:description\" content=\"S\u0259naye v\u0259 Texnologiyalar \u00fczr\u0259 G\u0259nc\u0259 D\u00f6vl\u0259t Pe\u015f\u0259 T\u0259hsil M\u0259rk\u0259zinin 1-ci korpusunda Novruz bayram\u0131 m\u00fcnasib\u0259til\u0259 m\u00f6ht\u0259\u015f\u0259m bayram \u015f\u0259nliyi ke\u00e7irilib.\" \/>\n<meta property=\"og:url\" content=\"https:\/\/cari.az\/?p=7516\" \/>\n<meta property=\"og:site_name\" content=\"Cari.az\" \/>\n<meta property=\"article:published_time\" content=\"2026-03-18T19:59:49+00:00\" \/>\n<meta property=\"article:modified_time\" content=\"2026-03-18T19:59:50+00:00\" \/>\n<meta property=\"og:image\" content=\"http:\/\/cari.az\/wp-content\/uploads\/2026\/03\/SAVE_20260318_235602.jpg\" \/>\n\t<meta property=\"og:image:width\" content=\"1500\" \/>\n\t<meta property=\"og:image:height\" content=\"1000\" \/>\n\t<meta property=\"og:image:type\" content=\"image\/jpeg\" \/>\n<meta name=\"author\" content=\"Cari.az\" \/>\n<meta name=\"twitter:card\" content=\"summary_large_image\" \/>\n<meta name=\"twitter:label1\" content=\"Written by\" \/>\n\t<meta name=\"twitter:data1\" content=\"Cari.az\" \/>\n\t<meta name=\"twitter:label2\" content=\"Est. reading time\" \/>\n\t<meta name=\"twitter:data2\" content=\"2 minutes\" \/>\n<script type=\"application\/ld+json\" class=\"yoast-schema-graph\">{\"@context\":\"https:\/\/schema.org\",\"@graph\":[{\"@type\":\"WebPage\",\"@id\":\"https:\/\/cari.az\/?p=7516\",\"url\":\"https:\/\/cari.az\/?p=7516\",\"name\":\"G\u0259nc\u0259d\u0259 pe\u015f\u0259 m\u0259kt\u0259bind\u0259 Novruz bayram\u0131 qeyd olunub - Cari.az\",\"isPartOf\":{\"@id\":\"https:\/\/cari.az\/#website\"},\"primaryImageOfPage\":{\"@id\":\"https:\/\/cari.az\/?p=7516#primaryimage\"},\"image\":{\"@id\":\"https:\/\/cari.az\/?p=7516#primaryimage\"},\"thumbnailUrl\":\"https:\/\/cari.az\/wp-content\/uploads\/2026\/03\/SAVE_20260318_235602.jpg\",\"datePublished\":\"2026-03-18T19:59:49+00:00\",\"dateModified\":\"2026-03-18T19:59:50+00:00\",\"author\":{\"@id\":\"https:\/\/cari.az\/#\/schema\/person\/e62b6d8f24db7344f8b69bb0282c707f\"},\"breadcrumb\":{\"@id\":\"https:\/\/cari.az\/?p=7516#breadcrumb\"},\"inLanguage\":\"az\",\"potentialAction\":[{\"@type\":\"ReadAction\",\"target\":[\"https:\/\/cari.az\/?p=7516\"]}]},{\"@type\":\"ImageObject\",\"inLanguage\":\"az\",\"@id\":\"https:\/\/cari.az\/?p=7516#primaryimage\",\"url\":\"https:\/\/cari.az\/wp-content\/uploads\/2026\/03\/SAVE_20260318_235602.jpg\",\"contentUrl\":\"https:\/\/cari.az\/wp-content\/uploads\/2026\/03\/SAVE_20260318_235602.jpg\",\"width\":1500,\"height\":1000},{\"@type\":\"BreadcrumbList\",\"@id\":\"https:\/\/cari.az\/?p=7516#breadcrumb\",\"itemListElement\":[{\"@type\":\"ListItem\",\"position\":1,\"name\":\"Home\",\"item\":\"https:\/\/cari.az\/\"},{\"@type\":\"ListItem\",\"position\":2,\"name\":\"G\u0259nc\u0259d\u0259 pe\u015f\u0259 m\u0259kt\u0259bind\u0259 Novruz bayram\u0131 qeyd olunub\"}]},{\"@type\":\"WebSite\",\"@id\":\"https:\/\/cari.az\/#website\",\"url\":\"https:\/\/cari.az\/\",\"name\":\"Cari.az\",\"description\":\"\",\"potentialAction\":[{\"@type\":\"SearchAction\",\"target\":{\"@type\":\"EntryPoint\",\"urlTemplate\":\"https:\/\/cari.az\/?s={search_term_string}\"},\"query-input\":\"required name=search_term_string\"}],\"inLanguage\":\"az\"},{\"@type\":\"Person\",\"@id\":\"https:\/\/cari.az\/#\/schema\/person\/e62b6d8f24db7344f8b69bb0282c707f\",\"name\":\"Cari.az\",\"image\":{\"@type\":\"ImageObject\",\"inLanguage\":\"az\",\"@id\":\"https:\/\/cari.az\/#\/schema\/person\/image\/\",\"url\":\"https:\/\/secure.gravatar.com\/avatar\/492c8073cb40378886b9f79931f7d2ff?s=96&d=mm&r=g\",\"contentUrl\":\"https:\/\/secure.gravatar.com\/avatar\/492c8073cb40378886b9f79931f7d2ff?s=96&d=mm&r=g\",\"caption\":\"Cari.az\"},\"sameAs\":[\"http:\/\/cari.az\"],\"url\":\"https:\/\/cari.az\/?author=1\"}]}<\/script>\n<!-- \/ Yoast SEO plugin. -->","yoast_head_json":{"title":"G\u0259nc\u0259d\u0259 pe\u015f\u0259 m\u0259kt\u0259bind\u0259 Novruz bayram\u0131 qeyd olunub - Cari.az","robots":{"index":"index","follow":"follow","max-snippet":"max-snippet:-1","max-image-preview":"max-image-preview:large","max-video-preview":"max-video-preview:-1"},"canonical":"https:\/\/cari.az\/?p=7516","og_locale":"az_AZ","og_type":"article","og_title":"G\u0259nc\u0259d\u0259 pe\u015f\u0259 m\u0259kt\u0259bind\u0259 Novruz bayram\u0131 qeyd olunub - Cari.az","og_description":"S\u0259naye v\u0259 Texnologiyalar \u00fczr\u0259 G\u0259nc\u0259 D\u00f6vl\u0259t Pe\u015f\u0259 T\u0259hsil M\u0259rk\u0259zinin 1-ci korpusunda Novruz bayram\u0131 m\u00fcnasib\u0259til\u0259 m\u00f6ht\u0259\u015f\u0259m bayram \u015f\u0259nliyi ke\u00e7irilib.","og_url":"https:\/\/cari.az\/?p=7516","og_site_name":"Cari.az","article_published_time":"2026-03-18T19:59:49+00:00","article_modified_time":"2026-03-18T19:59:50+00:00","og_image":[{"width":1500,"height":1000,"url":"http:\/\/cari.az\/wp-content\/uploads\/2026\/03\/SAVE_20260318_235602.jpg","type":"image\/jpeg"}],"author":"Cari.az","twitter_card":"summary_large_image","twitter_misc":{"Written by":"Cari.az","Est. reading time":"2 minutes"},"schema":{"@context":"https:\/\/schema.org","@graph":[{"@type":"WebPage","@id":"https:\/\/cari.az\/?p=7516","url":"https:\/\/cari.az\/?p=7516","name":"G\u0259nc\u0259d\u0259 pe\u015f\u0259 m\u0259kt\u0259bind\u0259 Novruz bayram\u0131 qeyd olunub - Cari.az","isPartOf":{"@id":"https:\/\/cari.az\/#website"},"primaryImageOfPage":{"@id":"https:\/\/cari.az\/?p=7516#primaryimage"},"image":{"@id":"https:\/\/cari.az\/?p=7516#primaryimage"},"thumbnailUrl":"https:\/\/cari.az\/wp-content\/uploads\/2026\/03\/SAVE_20260318_235602.jpg","datePublished":"2026-03-18T19:59:49+00:00","dateModified":"2026-03-18T19:59:50+00:00","author":{"@id":"https:\/\/cari.az\/#\/schema\/person\/e62b6d8f24db7344f8b69bb0282c707f"},"breadcrumb":{"@id":"https:\/\/cari.az\/?p=7516#breadcrumb"},"inLanguage":"az","potentialAction":[{"@type":"ReadAction","target":["https:\/\/cari.az\/?p=7516"]}]},{"@type":"ImageObject","inLanguage":"az","@id":"https:\/\/cari.az\/?p=7516#primaryimage","url":"https:\/\/cari.az\/wp-content\/uploads\/2026\/03\/SAVE_20260318_235602.jpg","contentUrl":"https:\/\/cari.az\/wp-content\/uploads\/2026\/03\/SAVE_20260318_235602.jpg","width":1500,"height":1000},{"@type":"BreadcrumbList","@id":"https:\/\/cari.az\/?p=7516#breadcrumb","itemListElement":[{"@type":"ListItem","position":1,"name":"Home","item":"https:\/\/cari.az\/"},{"@type":"ListItem","position":2,"name":"G\u0259nc\u0259d\u0259 pe\u015f\u0259 m\u0259kt\u0259bind\u0259 Novruz bayram\u0131 qeyd olunub"}]},{"@type":"WebSite","@id":"https:\/\/cari.az\/#website","url":"https:\/\/cari.az\/","name":"Cari.az","description":"","potentialAction":[{"@type":"SearchAction","target":{"@type":"EntryPoint","urlTemplate":"https:\/\/cari.az\/?s={search_term_string}"},"query-input":"required name=search_term_string"}],"inLanguage":"az"},{"@type":"Person","@id":"https:\/\/cari.az\/#\/schema\/person\/e62b6d8f24db7344f8b69bb0282c707f","name":"Cari.az","image":{"@type":"ImageObject","inLanguage":"az","@id":"https:\/\/cari.az\/#\/schema\/person\/image\/","url":"https:\/\/secure.gravatar.com\/avatar\/492c8073cb40378886b9f79931f7d2ff?s=96&d=mm&r=g","contentUrl":"https:\/\/secure.gravatar.com\/avatar\/492c8073cb40378886b9f79931f7d2ff?s=96&d=mm&r=g","caption":"Cari.az"},"sameAs":["http:\/\/cari.az"],"url":"https:\/\/cari.az\/?author=1"}]}},"_links":{"self":[{"href":"https:\/\/cari.az\/index.php?rest_route=\/wp\/v2\/posts\/7516"}],"collection":[{"href":"https:\/\/cari.az\/index.php?rest_route=\/wp\/v2\/posts"}],"about":[{"href":"https:\/\/cari.az\/index.php?rest_route=\/wp\/v2\/types\/post"}],"author":[{"embeddable":true,"href":"https:\/\/cari.az\/index.php?rest_route=\/wp\/v2\/users\/1"}],"replies":[{"embeddable":true,"href":"https:\/\/cari.az\/index.php?rest_route=%2Fwp%2Fv2%2Fcomments&post=7516"}],"version-history":[{"count":1,"href":"https:\/\/cari.az\/index.php?rest_route=\/wp\/v2\/posts\/7516\/revisions"}],"predecessor-version":[{"id":7518,"href":"https:\/\/cari.az\/index.php?rest_route=\/wp\/v2\/posts\/7516\/revisions\/7518"}],"wp:featuredmedia":[{"embeddable":true,"href":"https:\/\/cari.az\/index.php?rest_route=\/wp\/v2\/media\/7517"}],"wp:attachment":[{"href":"https:\/\/cari.az\/index.php?rest_route=%2Fwp%2Fv2%2Fmedia&parent=7516"}],"wp:term":[{"taxonomy":"category","embeddable":true,"href":"https:\/\/cari.az\/index.php?rest_route=%2Fwp%2Fv2%2Fcategories&post=7516"},{"taxonomy":"post_tag","embeddable":true,"href":"https:\/\/cari.az\/index.php?rest_route=%2Fwp%2Fv2%2Ftags&post=7516"}],"curies":[{"name":"wp","href":"https:\/\/api.w.org\/{rel}","templated":true}]}}