{"id":7599,"date":"2026-04-27T13:41:51","date_gmt":"2026-04-27T09:41:51","guid":{"rendered":"https:\/\/cari.az\/?p=7599"},"modified":"2026-04-27T13:41:51","modified_gmt":"2026-04-27T09:41:51","slug":"bir-cox-istiqam%c9%99tl%c9%99r-uzr%c9%99-aparilan-ugurlu-%c9%99m%c9%99kdasliq-n%c9%99tic%c9%99sind%c9%99-ukrayna-az%c9%99rbaycan-%c9%99laq%c9%99l%c9%99ri-daha-yuks%c9%99k-s%c9%99viyy%c9%99y%c9%99-qald","status":"publish","type":"post","link":"https:\/\/cari.az\/?p=7599","title":{"rendered":"Bir \u00e7ox istiqam\u0259tl\u0259r \u00fczr\u0259 apar\u0131lan u\u011furlu \u0259m\u0259kda\u015fl\u0131q n\u0259tic\u0259sind\u0259 Ukrayna-Az\u0259rbaycan \u0259laq\u0259l\u0259ri daha y\u00fcks\u0259k s\u0259viyy\u0259y\u0259 qald\u0131r\u0131lm\u0131\u015fd\u0131r"},"content":{"rendered":"\n<p>Az\u0259rbaycan-Ukrayna m\u00fcnasib\u0259tl\u0259rind\u0259 son ill\u0259rd\u0259 n\u00fcmayi\u015f olunan dinamika, \u0259slind\u0259, postsovet m\u0259kan\u0131nda formala\u015fan yeni geosiyasi reall\u0131qlar\u0131n bariz n\u00fcmun\u0259l\u0259rind\u0259n biri kimi qiym\u0259tl\u0259ndiril\u0259 bil\u0259r. Bu bax\u0131mdan Ukrayna d\u00f6vl\u0259ti ba\u015f\u00e7\u0131s\u0131n\u0131n \u00f6lk\u0259miz\u0259 s\u0259f\u0259ri \u00e7\u0259r\u00e7iv\u0259sind\u0259 Az\u0259rbaycan v\u0259 Ukrayna prezidentl\u0259rinin s\u0259sl\u0259ndirdikl\u0259ri b\u0259yanatlar ortaq yana\u015fmalar\u0131n\u0131n v\u0259 uzunm\u00fcdd\u0259tli t\u0259r\u0259fda\u015fl\u0131q perspektivinin ifad\u0259si say\u0131la bil\u0259r. \u0130lk n\u00f6vb\u0259d\u0259, diqq\u0259t\u00e7\u0259k\u0259n m\u0259qam siyasi dialoqun intensivliyi v\u0259 sistemli xarakter da\u015f\u0131mas\u0131d\u0131r.<\/p>\n\n\n\n<p>D\u00f6vl\u0259t ba\u015f\u00e7\u0131m\u0131z\u0131n da qeyd etdiyi kimi, iki \u00f6lk\u0259 aras\u0131nda \u0259m\u0259kda\u015fl\u0131\u011f\u0131n m\u00f6hk\u0259m siyasi t\u0259m\u0259li m\u00f6vcuddur. 2008-ci ild\u0259 Kiyevd\u0259 v\u0259 2011-ci ild\u0259 Bak\u0131da imzalanm\u0131\u015f strateji t\u0259r\u0259fda\u015fl\u0131q s\u0259n\u0259dl\u0259ri bu m\u00fcnasib\u0259tl\u0259rin \u0259sas\u0131n\u0131 t\u0259\u015fkil edir. S\u00f6z\u00fcged\u0259n s\u0259n\u0259dl\u0259rd\u0259 d\u0259 qar\u015f\u0131l\u0131ql\u0131 olaraq \u0259razi b\u00fct\u00f6vl\u00fcy\u00fc, suverenlik v\u0259 s\u0259rh\u0259dl\u0259rin toxunulmazl\u0131\u011f\u0131 prinsipl\u0259rin\u0259 d\u0259st\u0259k x\u00fcsusi yer tutur. Bu yana\u015fma, x\u00fcsusil\u0259 beyn\u0259lxalq m\u00fcnasib\u0259tl\u0259rd\u0259 g\u0259rginlikl\u0259rin artd\u0131\u011f\u0131 bir d\u00f6vrd\u0259 t\u0259r\u0259fl\u0259rin bir-birin\u0259 verdiyi siyasi d\u0259st\u0259yin \u0259h\u0259miyy\u0259tini daha da art\u0131r\u0131r.<\/p>\n\n\n\n<p>S\u0259f\u0259r \u00e7\u0259r\u00e7iv\u0259sind\u0259 m\u00fczakir\u0259 olunan \u0259sas istiqam\u0259tl\u0259rd\u0259n biri d\u0259 iqtisadi v\u0259 energetika sah\u0259sind\u0259 \u0259m\u0259kda\u015fl\u0131q olub. C\u0259nab Prezident d\u0259 qeyd edib ki, Az\u0259rbaycan D\u00f6vl\u0259t Neft \u015eirk\u0259ti \u2013 SOCAR uzun ill\u0259rdir Ukraynada u\u011furla f\u0259aliyy\u0259t g\u00f6st\u0259rir v\u0259 bu sah\u0259d\u0259 yeni layih\u0259l\u0259r \u00fc\u00e7\u00fcn geni\u015f imkanlar m\u00f6vcuddur. Enerji sah\u0259sind\u0259 t\u0259r\u0259fda\u015fl\u0131q yaln\u0131z m\u00f6vcud layih\u0259l\u0259rl\u0259 m\u0259hdudla\u015fm\u0131r, eyni zamanda yeni investisiya t\u0259\u015f\u0259bb\u00fcsl\u0259rini d\u0259 \u0259hat\u0259 edir. Dan\u0131\u015f\u0131qlar zaman\u0131 ticar\u0259t \u0259laq\u0259l\u0259rinin inki\u015faf\u0131 da diqq\u0259t m\u0259rk\u0259zind\u0259 olub. Haz\u0131rda iki \u00f6lk\u0259 aras\u0131nda ticar\u0259t d\u00f6vriyy\u0259si yar\u0131m milyard dollar\u0131 \u00f6t\u00fcb v\u0259 yax\u0131n ill\u0259rd\u0259 bu r\u0259q\u0259min daha da artaca\u011f\u0131 g\u00f6zl\u0259nilir. Bu is\u0259 iqtisadi \u0259m\u0259kda\u015fl\u0131\u011f\u0131n geni\u015fl\u0259ndirilm\u0259si \u00fc\u00e7\u00fcn real potensial\u0131n m\u00f6vcudlu\u011funu g\u00f6st\u0259rir.<\/p>\n\n\n\n<p>S\u0259f\u0259rin m\u00fch\u00fcm m\u0259qamlar\u0131ndan biri d\u0259 h\u0259rbi-texniki \u0259m\u0259kda\u015fl\u0131qla ba\u011fl\u0131 m\u00fczakir\u0259l\u0259rin apar\u0131lmas\u0131 olub. H\u0259r iki \u00f6lk\u0259d\u0259 m\u00fcdafi\u0259 s\u0259nayesinin inki\u015faf etdiyi n\u0259z\u0259r\u0259 al\u0131naraq, birg\u0259 istehsal v\u0259 texnologiya m\u00fcbadil\u0259si istiqam\u0259tind\u0259 b\u00f6y\u00fck perspektivl\u0259rin oldu\u011fu vur\u011fulan\u0131b. Bu sah\u0259d\u0259 \u0259m\u0259kda\u015fl\u0131q t\u0259kc\u0259 t\u0259hl\u00fck\u0259sizlik bax\u0131m\u0131ndan deyil, h\u0259m d\u0259 s\u0259naye inki\u015faf\u0131 bax\u0131m\u0131ndan \u0259h\u0259miyy\u0259tlidir.<\/p>\n\n\n\n<p>Q\u0259b\u0259l\u0259 g\u00f6r\u00fc\u015f\u00fcnd\u0259 t\u0259r\u0259fl\u0259r h\u00f6kum\u0259tl\u0259raras\u0131 komissiyan\u0131n v\u0259 Xarici \u0130\u015fl\u0259r nazirlikl\u0259ri aras\u0131nda m\u0259sl\u0259h\u0259tl\u0259\u015fm\u0259l\u0259rin davam etdirilm\u0259si bar\u0259d\u0259 d\u0259 raz\u0131l\u0131\u011fa g\u0259libl\u0259r. Bu mexanizml\u0259r \u0259m\u0259kda\u015fl\u0131\u011f\u0131n institusional \u0259saslar\u0131n\u0131 g\u00fccl\u0259ndirir v\u0259 \u0259laq\u0259l\u0259rin davaml\u0131 inki\u015faf\u0131n\u0131 t\u0259min edir. \u018fn vacib m\u0259qamlardan biri Az\u0259rbaycan\u0131n xarici siyas\u0259tind\u0259 humanitar d\u0259y\u0259rl\u0259r, m\u00fcnaqi\u015f\u0259l\u0259rd\u0259n \u0259ziyy\u0259t \u00e7\u0259k\u0259n xalqlara d\u0259st\u0259k v\u0259 beyn\u0259lxalq h\u0259mr\u0259ylik \u0259sas prioritetl\u0259rd\u0259n biri kimi \u00e7\u0131x\u0131\u015f etm\u0259sidir. Uzun ill\u0259r \u0259razi b\u00fct\u00f6vl\u00fcy\u00fcn\u00fcn pozulmas\u0131ndan \u0259ziyy\u0259t \u00e7\u0259kmi\u015f bir \u00f6lk\u0259 kimi Az\u0259rbaycan m\u00fcharib\u0259l\u0259rin insan h\u0259yat\u0131na, x\u00fcsusil\u0259 d\u0259 u\u015faqlara vurdu\u011fu z\u0259rb\u0259l\u0259ri yax\u015f\u0131 anlay\u0131r. M\u0259hz buna g\u00f6r\u0259 d\u0259 Ukraynadan olan u\u015faqlar \u00fc\u00e7\u00fcn Az\u0259rbaycanda reabilitasiya proqramlar\u0131n\u0131n t\u0259\u015fkili x\u00fcsusi \u0259h\u0259miyy\u0259t da\u015f\u0131y\u0131r. Bu proqramlar yaln\u0131z fiziki deyil, psixoloji sa\u011flaml\u0131\u011f\u0131n b\u0259rpas\u0131na y\u00f6n\u0259lib. Yax\u0131n perspektivd\u0259 ukraynal\u0131 t\u0259l\u0259b\u0259l\u0259r \u00fc\u00e7\u00fcn d\u0259 ox\u015far t\u0259\u015f\u0259bb\u00fcsl\u0259rin h\u0259yata ke\u00e7irilm\u0259si planla\u015fd\u0131r\u0131l\u0131r ki, bu da humanitar \u0259m\u0259kda\u015fl\u0131\u011f\u0131n geni\u015fl\u0259ndirilm\u0259si bax\u0131m\u0131ndan m\u00fch\u00fcm add\u0131md\u0131r.<\/p>\n\n\n\n<p>Ukraynada ya\u015fayan Az\u0259rbaycan diasporu iqtisadi, m\u0259d\u0259ni v\u0259 ictimai sah\u0259l\u0259rd\u0259 f\u0259al rol oynayaraq xalqlar aras\u0131nda qar\u015f\u0131l\u0131ql\u0131 anla\u015fman\u0131n m\u00f6hk\u0259ml\u0259nm\u0259sin\u0259 t\u00f6hf\u0259 verir. Diaspor t\u0259\u015fkilatlar\u0131 biznes \u0259laq\u0259l\u0259rinin geni\u015fl\u0259nm\u0259si v\u0259 m\u0259d\u0259ni k\u00f6rp\u00fcl\u0259rin qurulmas\u0131 bax\u0131m\u0131ndan da strateji \u0259h\u0259miyy\u0259t da\u015f\u0131y\u0131r. Az\u0259rbaycan\u0131n Ukrayna il\u0259 \u0259m\u0259kda\u015fl\u0131q ed\u0259 bil\u0259c\u0259yi perspektiv sah\u0259l\u0259rd\u0259n biri d\u0259 mina t\u0259hl\u00fck\u0259sizliyidir. \u0130\u015f\u011faldan azad olunmu\u015f \u0259razil\u0259rd\u0259 apar\u0131lan geni\u015fmiqyasl\u0131 mina t\u0259mizl\u0259m\u0259 prosesi Az\u0259rbaycanda bu sah\u0259d\u0259 ciddi institusional t\u0259cr\u00fcb\u0259 formala\u015fd\u0131r\u0131b. M\u00fcasir texnologiyalar, pilotsuz sisteml\u0259r, x\u0259rit\u0259l\u0259\u015fdirm\u0259 v\u0259 t\u0259hl\u00fck\u0259sizlik prosedurlar\u0131 \u00fczr\u0259 \u0259ld\u0259 olunmu\u015f bilik g\u0259l\u0259c\u0259kd\u0259 Ukrayna \u00fc\u00e7\u00fcn d\u0259 faydal\u0131 ola bil\u0259r. Siyasi m\u00fcst\u0259vid\u0259 is\u0259 Az\u0259rbaycan xarici siyas\u0259tini milli maraqlara \u0259saslanan m\u00fcst\u0259qil v\u0259 balansla\u015fd\u0131r\u0131lm\u0131\u015f x\u0259tt \u00fczr\u0259 h\u0259yata ke\u00e7irir. \u00d6lk\u0259miz b\u00fct\u00fcn d\u00f6vl\u0259tl\u0259rin \u0259razi b\u00fct\u00f6vl\u00fcy\u00fc v\u0259 suverenliyini d\u0259st\u0259kl\u0259diyini d\u0259f\u0259l\u0259rl\u0259 b\u0259yan edib. Az\u0259rbaycan Ukrayna\u2013Rusiya m\u00fcnaqi\u015f\u0259sinin dan\u0131\u015f\u0131qlar v\u0259 siyasi dialoq yolu il\u0259 h\u0259llini d\u0259st\u0259kl\u0259yir. Bu m\u00f6vqe \u00f6lk\u0259mizin beyn\u0259lxalq h\u00fcquqa \u0259saslanan prinsipial siyas\u0259tinin ayd\u0131n t\u0259zah\u00fcr\u00fcd\u00fcr.<\/p>\n\n\n\n<p><strong>M\u00fc\u015ffiq S\u0259f\u0259rov,<\/strong><\/p>\n\n\n\n<p><strong>Yeni Az\u0259rbaycan Partiyas\u0131 Beyl\u0259qan rayon t\u0259\u015fkilat\u0131n\u0131n s\u0259dri<\/strong><\/p>\n","protected":false},"excerpt":{"rendered":"<p>Az\u0259rbaycan-Ukrayna m\u00fcnasib\u0259tl\u0259rind\u0259 son ill\u0259rd\u0259 n\u00fcmayi\u015f olunan dinamika, \u0259slind\u0259, postsovet m\u0259kan\u0131nda formala\u015fan yeni geosiyasi reall\u0131qlar\u0131n bariz n\u00fcmun\u0259l\u0259rind\u0259n biri kimi<\/p>\n","protected":false},"author":1,"featured_media":7197,"comment_status":"open","ping_status":"open","sticky":false,"template":"","format":"standard","meta":{"_coblocks_attr":"","_coblocks_dimensions":"","_coblocks_responsive_height":"","_coblocks_accordion_ie_support":"","footnotes":""},"categories":[5],"tags":[],"yoast_head":"<!-- This site is optimized with the Yoast SEO plugin v22.6 - https:\/\/yoast.com\/wordpress\/plugins\/seo\/ -->\n<title>Bir \u00e7ox istiqam\u0259tl\u0259r \u00fczr\u0259 apar\u0131lan u\u011furlu \u0259m\u0259kda\u015fl\u0131q n\u0259tic\u0259sind\u0259 Ukrayna-Az\u0259rbaycan \u0259laq\u0259l\u0259ri daha y\u00fcks\u0259k s\u0259viyy\u0259y\u0259 qald\u0131r\u0131lm\u0131\u015fd\u0131r - Cari.az<\/title>\n<meta name=\"robots\" content=\"index, follow, max-snippet:-1, max-image-preview:large, max-video-preview:-1\" \/>\n<link rel=\"canonical\" href=\"https:\/\/cari.az\/?p=7599\" \/>\n<meta property=\"og:locale\" content=\"az_AZ\" \/>\n<meta property=\"og:type\" content=\"article\" \/>\n<meta property=\"og:title\" content=\"Bir \u00e7ox istiqam\u0259tl\u0259r \u00fczr\u0259 apar\u0131lan u\u011furlu \u0259m\u0259kda\u015fl\u0131q n\u0259tic\u0259sind\u0259 Ukrayna-Az\u0259rbaycan \u0259laq\u0259l\u0259ri daha y\u00fcks\u0259k s\u0259viyy\u0259y\u0259 qald\u0131r\u0131lm\u0131\u015fd\u0131r - Cari.az\" \/>\n<meta property=\"og:description\" content=\"Az\u0259rbaycan-Ukrayna m\u00fcnasib\u0259tl\u0259rind\u0259 son ill\u0259rd\u0259 n\u00fcmayi\u015f olunan dinamika, \u0259slind\u0259, postsovet m\u0259kan\u0131nda formala\u015fan yeni geosiyasi reall\u0131qlar\u0131n bariz n\u00fcmun\u0259l\u0259rind\u0259n biri kimi\" \/>\n<meta property=\"og:url\" content=\"https:\/\/cari.az\/?p=7599\" \/>\n<meta property=\"og:site_name\" content=\"Cari.az\" \/>\n<meta property=\"article:published_time\" content=\"2026-04-27T09:41:51+00:00\" \/>\n<meta property=\"og:image\" content=\"http:\/\/cari.az\/wp-content\/uploads\/2026\/01\/Musfiq-S\u0259f\u0259rov-YAP.jpeg\" \/>\n\t<meta property=\"og:image:width\" content=\"957\" \/>\n\t<meta property=\"og:image:height\" content=\"593\" \/>\n\t<meta property=\"og:image:type\" content=\"image\/jpeg\" \/>\n<meta name=\"author\" content=\"Cari.az\" \/>\n<meta name=\"twitter:card\" content=\"summary_large_image\" \/>\n<meta name=\"twitter:label1\" content=\"Written by\" \/>\n\t<meta name=\"twitter:data1\" content=\"Cari.az\" \/>\n\t<meta name=\"twitter:label2\" content=\"Est. reading time\" \/>\n\t<meta name=\"twitter:data2\" content=\"3 minutes\" \/>\n<script type=\"application\/ld+json\" class=\"yoast-schema-graph\">{\"@context\":\"https:\/\/schema.org\",\"@graph\":[{\"@type\":\"WebPage\",\"@id\":\"https:\/\/cari.az\/?p=7599\",\"url\":\"https:\/\/cari.az\/?p=7599\",\"name\":\"Bir \u00e7ox istiqam\u0259tl\u0259r \u00fczr\u0259 apar\u0131lan u\u011furlu \u0259m\u0259kda\u015fl\u0131q n\u0259tic\u0259sind\u0259 Ukrayna-Az\u0259rbaycan \u0259laq\u0259l\u0259ri daha y\u00fcks\u0259k s\u0259viyy\u0259y\u0259 qald\u0131r\u0131lm\u0131\u015fd\u0131r - Cari.az\",\"isPartOf\":{\"@id\":\"https:\/\/cari.az\/#website\"},\"primaryImageOfPage\":{\"@id\":\"https:\/\/cari.az\/?p=7599#primaryimage\"},\"image\":{\"@id\":\"https:\/\/cari.az\/?p=7599#primaryimage\"},\"thumbnailUrl\":\"https:\/\/cari.az\/wp-content\/uploads\/2026\/01\/Musfiq-S\u0259f\u0259rov-YAP.jpeg\",\"datePublished\":\"2026-04-27T09:41:51+00:00\",\"dateModified\":\"2026-04-27T09:41:51+00:00\",\"author\":{\"@id\":\"https:\/\/cari.az\/#\/schema\/person\/e62b6d8f24db7344f8b69bb0282c707f\"},\"breadcrumb\":{\"@id\":\"https:\/\/cari.az\/?p=7599#breadcrumb\"},\"inLanguage\":\"az\",\"potentialAction\":[{\"@type\":\"ReadAction\",\"target\":[\"https:\/\/cari.az\/?p=7599\"]}]},{\"@type\":\"ImageObject\",\"inLanguage\":\"az\",\"@id\":\"https:\/\/cari.az\/?p=7599#primaryimage\",\"url\":\"https:\/\/cari.az\/wp-content\/uploads\/2026\/01\/Musfiq-S\u0259f\u0259rov-YAP.jpeg\",\"contentUrl\":\"https:\/\/cari.az\/wp-content\/uploads\/2026\/01\/Musfiq-S\u0259f\u0259rov-YAP.jpeg\",\"width\":957,\"height\":593},{\"@type\":\"BreadcrumbList\",\"@id\":\"https:\/\/cari.az\/?p=7599#breadcrumb\",\"itemListElement\":[{\"@type\":\"ListItem\",\"position\":1,\"name\":\"Home\",\"item\":\"https:\/\/cari.az\/\"},{\"@type\":\"ListItem\",\"position\":2,\"name\":\"Bir \u00e7ox istiqam\u0259tl\u0259r \u00fczr\u0259 apar\u0131lan u\u011furlu \u0259m\u0259kda\u015fl\u0131q n\u0259tic\u0259sind\u0259 Ukrayna-Az\u0259rbaycan \u0259laq\u0259l\u0259ri daha y\u00fcks\u0259k s\u0259viyy\u0259y\u0259 qald\u0131r\u0131lm\u0131\u015fd\u0131r\"}]},{\"@type\":\"WebSite\",\"@id\":\"https:\/\/cari.az\/#website\",\"url\":\"https:\/\/cari.az\/\",\"name\":\"Cari.az\",\"description\":\"\",\"potentialAction\":[{\"@type\":\"SearchAction\",\"target\":{\"@type\":\"EntryPoint\",\"urlTemplate\":\"https:\/\/cari.az\/?s={search_term_string}\"},\"query-input\":\"required name=search_term_string\"}],\"inLanguage\":\"az\"},{\"@type\":\"Person\",\"@id\":\"https:\/\/cari.az\/#\/schema\/person\/e62b6d8f24db7344f8b69bb0282c707f\",\"name\":\"Cari.az\",\"image\":{\"@type\":\"ImageObject\",\"inLanguage\":\"az\",\"@id\":\"https:\/\/cari.az\/#\/schema\/person\/image\/\",\"url\":\"https:\/\/secure.gravatar.com\/avatar\/492c8073cb40378886b9f79931f7d2ff?s=96&d=mm&r=g\",\"contentUrl\":\"https:\/\/secure.gravatar.com\/avatar\/492c8073cb40378886b9f79931f7d2ff?s=96&d=mm&r=g\",\"caption\":\"Cari.az\"},\"sameAs\":[\"http:\/\/cari.az\"],\"url\":\"https:\/\/cari.az\/?author=1\"}]}<\/script>\n<!-- \/ Yoast SEO plugin. -->","yoast_head_json":{"title":"Bir \u00e7ox istiqam\u0259tl\u0259r \u00fczr\u0259 apar\u0131lan u\u011furlu \u0259m\u0259kda\u015fl\u0131q n\u0259tic\u0259sind\u0259 Ukrayna-Az\u0259rbaycan \u0259laq\u0259l\u0259ri daha y\u00fcks\u0259k s\u0259viyy\u0259y\u0259 qald\u0131r\u0131lm\u0131\u015fd\u0131r - Cari.az","robots":{"index":"index","follow":"follow","max-snippet":"max-snippet:-1","max-image-preview":"max-image-preview:large","max-video-preview":"max-video-preview:-1"},"canonical":"https:\/\/cari.az\/?p=7599","og_locale":"az_AZ","og_type":"article","og_title":"Bir \u00e7ox istiqam\u0259tl\u0259r \u00fczr\u0259 apar\u0131lan u\u011furlu \u0259m\u0259kda\u015fl\u0131q n\u0259tic\u0259sind\u0259 Ukrayna-Az\u0259rbaycan \u0259laq\u0259l\u0259ri daha y\u00fcks\u0259k s\u0259viyy\u0259y\u0259 qald\u0131r\u0131lm\u0131\u015fd\u0131r - Cari.az","og_description":"Az\u0259rbaycan-Ukrayna m\u00fcnasib\u0259tl\u0259rind\u0259 son ill\u0259rd\u0259 n\u00fcmayi\u015f olunan dinamika, \u0259slind\u0259, postsovet m\u0259kan\u0131nda formala\u015fan yeni geosiyasi reall\u0131qlar\u0131n bariz n\u00fcmun\u0259l\u0259rind\u0259n biri kimi","og_url":"https:\/\/cari.az\/?p=7599","og_site_name":"Cari.az","article_published_time":"2026-04-27T09:41:51+00:00","og_image":[{"width":957,"height":593,"url":"http:\/\/cari.az\/wp-content\/uploads\/2026\/01\/Musfiq-S\u0259f\u0259rov-YAP.jpeg","type":"image\/jpeg"}],"author":"Cari.az","twitter_card":"summary_large_image","twitter_misc":{"Written by":"Cari.az","Est. reading time":"3 minutes"},"schema":{"@context":"https:\/\/schema.org","@graph":[{"@type":"WebPage","@id":"https:\/\/cari.az\/?p=7599","url":"https:\/\/cari.az\/?p=7599","name":"Bir \u00e7ox istiqam\u0259tl\u0259r \u00fczr\u0259 apar\u0131lan u\u011furlu \u0259m\u0259kda\u015fl\u0131q n\u0259tic\u0259sind\u0259 Ukrayna-Az\u0259rbaycan \u0259laq\u0259l\u0259ri daha y\u00fcks\u0259k s\u0259viyy\u0259y\u0259 qald\u0131r\u0131lm\u0131\u015fd\u0131r - Cari.az","isPartOf":{"@id":"https:\/\/cari.az\/#website"},"primaryImageOfPage":{"@id":"https:\/\/cari.az\/?p=7599#primaryimage"},"image":{"@id":"https:\/\/cari.az\/?p=7599#primaryimage"},"thumbnailUrl":"https:\/\/cari.az\/wp-content\/uploads\/2026\/01\/Musfiq-S\u0259f\u0259rov-YAP.jpeg","datePublished":"2026-04-27T09:41:51+00:00","dateModified":"2026-04-27T09:41:51+00:00","author":{"@id":"https:\/\/cari.az\/#\/schema\/person\/e62b6d8f24db7344f8b69bb0282c707f"},"breadcrumb":{"@id":"https:\/\/cari.az\/?p=7599#breadcrumb"},"inLanguage":"az","potentialAction":[{"@type":"ReadAction","target":["https:\/\/cari.az\/?p=7599"]}]},{"@type":"ImageObject","inLanguage":"az","@id":"https:\/\/cari.az\/?p=7599#primaryimage","url":"https:\/\/cari.az\/wp-content\/uploads\/2026\/01\/Musfiq-S\u0259f\u0259rov-YAP.jpeg","contentUrl":"https:\/\/cari.az\/wp-content\/uploads\/2026\/01\/Musfiq-S\u0259f\u0259rov-YAP.jpeg","width":957,"height":593},{"@type":"BreadcrumbList","@id":"https:\/\/cari.az\/?p=7599#breadcrumb","itemListElement":[{"@type":"ListItem","position":1,"name":"Home","item":"https:\/\/cari.az\/"},{"@type":"ListItem","position":2,"name":"Bir \u00e7ox istiqam\u0259tl\u0259r \u00fczr\u0259 apar\u0131lan u\u011furlu \u0259m\u0259kda\u015fl\u0131q n\u0259tic\u0259sind\u0259 Ukrayna-Az\u0259rbaycan \u0259laq\u0259l\u0259ri daha y\u00fcks\u0259k s\u0259viyy\u0259y\u0259 qald\u0131r\u0131lm\u0131\u015fd\u0131r"}]},{"@type":"WebSite","@id":"https:\/\/cari.az\/#website","url":"https:\/\/cari.az\/","name":"Cari.az","description":"","potentialAction":[{"@type":"SearchAction","target":{"@type":"EntryPoint","urlTemplate":"https:\/\/cari.az\/?s={search_term_string}"},"query-input":"required name=search_term_string"}],"inLanguage":"az"},{"@type":"Person","@id":"https:\/\/cari.az\/#\/schema\/person\/e62b6d8f24db7344f8b69bb0282c707f","name":"Cari.az","image":{"@type":"ImageObject","inLanguage":"az","@id":"https:\/\/cari.az\/#\/schema\/person\/image\/","url":"https:\/\/secure.gravatar.com\/avatar\/492c8073cb40378886b9f79931f7d2ff?s=96&d=mm&r=g","contentUrl":"https:\/\/secure.gravatar.com\/avatar\/492c8073cb40378886b9f79931f7d2ff?s=96&d=mm&r=g","caption":"Cari.az"},"sameAs":["http:\/\/cari.az"],"url":"https:\/\/cari.az\/?author=1"}]}},"_links":{"self":[{"href":"https:\/\/cari.az\/index.php?rest_route=\/wp\/v2\/posts\/7599"}],"collection":[{"href":"https:\/\/cari.az\/index.php?rest_route=\/wp\/v2\/posts"}],"about":[{"href":"https:\/\/cari.az\/index.php?rest_route=\/wp\/v2\/types\/post"}],"author":[{"embeddable":true,"href":"https:\/\/cari.az\/index.php?rest_route=\/wp\/v2\/users\/1"}],"replies":[{"embeddable":true,"href":"https:\/\/cari.az\/index.php?rest_route=%2Fwp%2Fv2%2Fcomments&post=7599"}],"version-history":[{"count":1,"href":"https:\/\/cari.az\/index.php?rest_route=\/wp\/v2\/posts\/7599\/revisions"}],"predecessor-version":[{"id":7600,"href":"https:\/\/cari.az\/index.php?rest_route=\/wp\/v2\/posts\/7599\/revisions\/7600"}],"wp:featuredmedia":[{"embeddable":true,"href":"https:\/\/cari.az\/index.php?rest_route=\/wp\/v2\/media\/7197"}],"wp:attachment":[{"href":"https:\/\/cari.az\/index.php?rest_route=%2Fwp%2Fv2%2Fmedia&parent=7599"}],"wp:term":[{"taxonomy":"category","embeddable":true,"href":"https:\/\/cari.az\/index.php?rest_route=%2Fwp%2Fv2%2Fcategories&post=7599"},{"taxonomy":"post_tag","embeddable":true,"href":"https:\/\/cari.az\/index.php?rest_route=%2Fwp%2Fv2%2Ftags&post=7599"}],"curies":[{"name":"wp","href":"https:\/\/api.w.org\/{rel}","templated":true}]}}