{"id":7604,"date":"2026-04-28T10:40:26","date_gmt":"2026-04-28T06:40:26","guid":{"rendered":"https:\/\/cari.az\/?p=7604"},"modified":"2026-04-28T10:40:26","modified_gmt":"2026-04-28T06:40:26","slug":"az%c9%99rbaycan-ukrayna-munasib%c9%99tl%c9%99ri-siyasi-dialoqdan-iqtisadi-t%c9%99r%c9%99fdasliga","status":"publish","type":"post","link":"https:\/\/cari.az\/?p=7604","title":{"rendered":"Az\u0259rbaycan\u2013Ukrayna m\u00fcnasib\u0259tl\u0259ri: siyasi dialoqdan iqtisadi t\u0259r\u0259fda\u015fl\u0131\u011fa"},"content":{"rendered":"\n<p><strong>Prezident \u0130lham \u018fliyev: <em>\u201cSOCAR Ukraynada uzun ill\u0259rdir ki, u\u011furla f\u0259aliyy\u0259t g\u00f6st\u0259rir\u201d.<\/em><\/strong><\/p>\n\n\n\n<p>&nbsp;Aprelin 25-d\u0259 Q\u0259b\u0259l\u0259d\u0259 ba\u015f tutan y\u00fcks\u0259k s\u0259viyy\u0259li g\u00f6r\u00fc\u015f Az\u0259rbaycan il\u0259 Ukrayna aras\u0131nda m\u00fcnasib\u0259tl\u0259rin inki\u015faf\u0131nda yeni bir m\u0259rh\u0259l\u0259nin \u0259sas\u0131n\u0131 qoydu. Prezident \u0130lham \u018fliyev v\u0259 Prezident Volodimir Zelenski aras\u0131nda ke\u00e7iril\u0259n dan\u0131\u015f\u0131qlar zaman\u0131 s\u0259sl\u0259ndiril\u0259n fikirl\u0259r, x\u00fcsusil\u0259 energetika, ticar\u0259t v\u0259 s\u0259rmay\u0259 sah\u0259l\u0259rind\u0259 \u0259m\u0259kda\u015fl\u0131\u011f\u0131n geni\u015fl\u0259ndirilm\u0259si bax\u0131m\u0131ndan b\u00f6y\u00fck \u0259h\u0259miyy\u0259t da\u015f\u0131y\u0131r. Bu g\u00f6r\u00fc\u015f yaln\u0131z iki \u00f6lk\u0259 aras\u0131nda m\u00f6vcud \u0259laq\u0259l\u0259rin t\u0259hlili deyil, h\u0259m d\u0259 g\u0259l\u0259c\u0259k \u00fc\u00e7\u00fcn konkret istiqam\u0259tl\u0259rin m\u00fc\u0259yy\u0259n edilm\u0259si il\u0259 yadda qald\u0131. Prezident \u0130lham \u018fliyev \u00f6z \u00e7\u0131x\u0131\u015f\u0131nda vur\u011fulad\u0131 ki, Az\u0259rbaycan il\u0259 Ukrayna aras\u0131nda m\u00fcnasib\u0259tl\u0259r yaln\u0131z siyasi dialoqla m\u0259hdudla\u015fm\u0131r. \u0130ki \u00f6lk\u0259 aras\u0131nda qar\u015f\u0131l\u0131ql\u0131 etimada \u0259saslanan \u0259m\u0259kda\u015fl\u0131q art\u0131q iqtisadi v\u0259 strateji sah\u0259l\u0259ri d\u0259 \u0259hat\u0259 edir. Bu bax\u0131mdan energetika sektoru x\u00fcsusi yer tutur. Az\u0259rbaycan\u0131n z\u0259ngin enerji resurslar\u0131 v\u0259 Ukraynan\u0131n bu sah\u0259d\u0259 artan ehtiyaclar\u0131 t\u0259r\u0259fl\u0259r aras\u0131nda qar\u015f\u0131l\u0131ql\u0131 faydal\u0131 \u0259m\u0259kda\u015fl\u0131q \u00fc\u00e7\u00fcn geni\u015f imkanlar yarad\u0131r.<\/p>\n\n\n\n<p>Prezidentin qeyd etdiyi kimi, SOCAR uzun ill\u0259rdir Ukraynada u\u011furla f\u0259aliyy\u0259t g\u00f6st\u0259rir. \u015eirk\u0259tin yanacaqdoldurma \u015f\u0259b\u0259k\u0259si v\u0259 enerji m\u0259hsullar\u0131n\u0131n t\u0259chizat\u0131 sah\u0259sind\u0259 f\u0259aliyy\u0259ti Ukrayna bazar\u0131nda m\u00fch\u00fcm yer tutur. SOCAR-\u0131n f\u0259aliyy\u0259ti t\u0259kc\u0259 iqtisadi deyil, h\u0259m d\u0259 strateji \u0259h\u0259miyy\u0259t da\u015f\u0131y\u0131r, \u00e7\u00fcnki bu, Az\u0259rbaycan\u0131n beyn\u0259lxalq enerji bazar\u0131ndak\u0131 m\u00f6vqeyini m\u00f6hk\u0259ml\u0259ndirir. Eyni zamanda, t\u0259r\u0259fl\u0259r m\u00f6vcud nailiyy\u0259tl\u0259rl\u0259 kifay\u0259tl\u0259nm\u0259y\u0259r\u0259k yeni layih\u0259l\u0259r \u00fcz\u0259rind\u0259 i\u015fl\u0259m\u0259y\u0259 haz\u0131r olduqlar\u0131n\u0131 b\u0259yan etdil\u0259r. Bu layih\u0259l\u0259r\u0259 birg\u0259 investisiya t\u0259\u015f\u0259bb\u00fcsl\u0259ri, enerji infrastrukturu v\u0259 alternativ enerji m\u0259nb\u0259l\u0259ri sah\u0259sind\u0259 \u0259m\u0259kda\u015fl\u0131q daxildir.<\/p>\n\n\n\n<p>Energetika sah\u0259sind\u0259 \u0259m\u0259kda\u015fl\u0131q yaln\u0131z neft v\u0259 qazla m\u0259hdudla\u015fm\u0131r. M\u00fcasir d\u00f6vrd\u0259 ya\u015f\u0131l enerji v\u0259 b\u0259rpa olunan enerji m\u0259nb\u0259l\u0259ri d\u0259 g\u00fcnd\u0259md\u0259dir. Az\u0259rbaycan son ill\u0259rd\u0259 bu sah\u0259d\u0259 ciddi add\u0131mlar at\u0131r v\u0259 Ukrayna il\u0259 bu istiqam\u0259td\u0259 \u0259m\u0259kda\u015fl\u0131q \u00fc\u00e7\u00fcn d\u0259 b\u00f6y\u00fck potensial m\u00f6vcuddur. Bu, h\u0259m enerji t\u0259hl\u00fck\u0259sizliyinin t\u0259min olunmas\u0131na, h\u0259m d\u0259 davaml\u0131 inki\u015faf m\u0259qs\u0259dl\u0259rin\u0259 xidm\u0259t ed\u0259 bil\u0259r. Prezident \u0130lham \u018fliyev qeyd etdi ki, Az\u0259rbaycan il\u0259 Ukrayna aras\u0131nda ticar\u0259t d\u00f6vriyy\u0259si art\u0131q yar\u0131m milyard dollar\u0131 \u00f6t\u00fcb. Bu g\u00f6st\u0259rici iki \u00f6lk\u0259 aras\u0131nda iqtisadi \u0259laq\u0259l\u0259rin g\u00fccl\u0259ndiyini g\u00f6st\u0259rs\u0259 d\u0259, potensial bundan qat-qat b\u00f6y\u00fckd\u00fcr. H\u0259r iki t\u0259r\u0259f ticar\u0259t d\u00f6vriyy\u0259sinin art\u0131r\u0131lmas\u0131 \u00fc\u00e7\u00fcn yeni mexanizml\u0259rin t\u0259tbiqini v\u0259 biznes m\u00fchitinin daha da yax\u015f\u0131la\u015fd\u0131r\u0131lmas\u0131n\u0131 vacib hesab edir.<\/p>\n\n\n\n<p>G\u00f6r\u00fc\u015f zaman\u0131 m\u00fczakir\u0259 olunan \u0259sas m\u00f6vzulardan biri d\u0259 qar\u015f\u0131l\u0131ql\u0131 s\u0259rmay\u0259 qoyulu\u015fu idi. Az\u0259rbaycan v\u0259 Ukrayna \u015firk\u0259tl\u0259ri \u00fc\u00e7\u00fcn yeni investisiya imkanlar\u0131n\u0131n yarad\u0131lmas\u0131, s\u0259naye v\u0259 k\u0259nd t\u0259s\u0259rr\u00fcfat\u0131 sah\u0259l\u0259rind\u0259 birg\u0259 layih\u0259l\u0259rin h\u0259yata ke\u00e7irilm\u0259si n\u0259z\u0259rd\u0259 tutulur. Bu t\u0259\u015f\u0259bb\u00fcsl\u0259r yaln\u0131z iqtisadi fayda g\u0259tirm\u0259kl\u0259 kifay\u0259tl\u0259nm\u0259y\u0259c\u0259k, h\u0259m d\u0259 iki \u00f6lk\u0259 aras\u0131nda uzunm\u00fcdd\u0259tli t\u0259r\u0259fda\u015fl\u0131\u011f\u0131 m\u00f6hk\u0259ml\u0259ndir\u0259c\u0259k.<\/p>\n\n\n\n<p>Prezident \u0130lham \u018fliyev \u00e7\u0131x\u0131\u015f\u0131nda h\u0259rbi-texniki \u0259m\u0259kda\u015fl\u0131q m\u0259s\u0259l\u0259sin\u0259 x\u00fcsusi diqq\u0259t ay\u0131rd\u0131. O qeyd etdi ki, h\u0259m Az\u0259rbaycan, h\u0259m d\u0259 Ukraynada h\u0259rbi s\u0259naye kompleksi s\u00fcr\u0259tl\u0259 inki\u015faf edir v\u0259 bu sah\u0259d\u0259 qar\u015f\u0131l\u0131ql\u0131 \u0259m\u0259kda\u015fl\u0131q \u00fc\u00e7\u00fcn geni\u015f imkanlar m\u00f6vcuddur. Bu \u0259m\u0259kda\u015fl\u0131q yaln\u0131z silah v\u0259 texnika sah\u0259si il\u0259 m\u0259hdudla\u015fm\u0131r, eyni zamanda innovativ texnologiyalar, m\u00fcdafi\u0259 s\u0259nayesind\u0259 modernl\u0259\u015fm\u0259 v\u0259 birg\u0259 istehsal layih\u0259l\u0259rini d\u0259 \u0259hat\u0259 edir. Ukrayna postsovet m\u0259kan\u0131nda g\u00fccl\u00fc h\u0259rbi s\u0259naye \u0259n\u0259n\u0259l\u0259rin\u0259 malik \u00f6lk\u0259l\u0259rd\u0259n biri kimi tan\u0131n\u0131r. Az\u0259rbaycan is\u0259 son ill\u0259rd\u0259 m\u00fcdafi\u0259 s\u0259nayesinin inki\u015faf\u0131na ciddi investisiyalar yat\u0131raraq bu sah\u0259d\u0259 \u00f6z potensial\u0131n\u0131 \u0259h\u0259miyy\u0259tli d\u0259r\u0259c\u0259d\u0259 art\u0131r\u0131b. Bu iki istiqam\u0259tin birl\u0259\u015fdirilm\u0259si h\u0259m texnoloji m\u00fcbadil\u0259, h\u0259m d\u0259 istehsal g\u00fcc\u00fcn\u00fcn art\u0131r\u0131lmas\u0131 bax\u0131m\u0131ndan qar\u015f\u0131l\u0131ql\u0131 fayda v\u0259d edir.<\/p>\n\n\n\n<p>Prezidentin vur\u011fulad\u0131\u011f\u0131 kimi, m\u00fczakir\u0259l\u0259r zaman\u0131 birg\u0259 istehsal m\u0259s\u0259l\u0259l\u0259ri geni\u015f \u015f\u0259kild\u0259 n\u0259z\u0259rd\u0259n ke\u00e7irilib. Bu, t\u0259kc\u0259 h\u0259rbi s\u0259naye il\u0259 m\u0259hdudla\u015fm\u0131r, \u00fcmumilikd\u0259 s\u0259naye sektorunda \u0259m\u0259kda\u015fl\u0131q \u00fc\u00e7\u00fcn d\u0259 yeni imkanlar a\u00e7\u0131r. Birg\u0259 m\u00fc\u0259ssis\u0259l\u0259rin yarad\u0131lmas\u0131, texnologiya transferi v\u0259 istehsal z\u0259ncirl\u0259rinin inteqrasiyas\u0131 iki \u00f6lk\u0259nin iqtisadiyyat\u0131na \u0259lav\u0259 d\u0259y\u0259r g\u0259tir\u0259 bil\u0259r. Bu yana\u015fma x\u00fcsusil\u0259 qlobal iqtisadi \u015f\u0259raitd\u0259 m\u00fch\u00fcm \u0259h\u0259miyy\u0259t k\u0259sb edir. \u00c7\u00fcnki birg\u0259 istehsal layih\u0259l\u0259ri \u00f6lk\u0259l\u0259rin xarici as\u0131l\u0131l\u0131\u011f\u0131n\u0131 azald\u0131r, daxili istehsal potensial\u0131n\u0131 art\u0131r\u0131r v\u0259 yeni i\u015f yerl\u0259rinin yarad\u0131lmas\u0131na \u015f\u0259rait yarad\u0131r.<\/p>\n\n\n\n<p>Y\u00fcks\u0259k s\u0259viyy\u0259li m\u00fcnt\u0259z\u0259m t\u0259maslar d\u00f6vl\u0259tl\u0259r aras\u0131nda etimad\u0131n m\u00f6hk\u0259ml\u0259nm\u0259sin\u0259, \u0259m\u0259kda\u015fl\u0131q sah\u0259l\u0259rinin geni\u015fl\u0259nm\u0259sin\u0259 v\u0259 strateji q\u0259rarlar\u0131n daha operativ \u015f\u0259kild\u0259 q\u0259bul edilm\u0259sin\u0259 imkan yarad\u0131r. Bu, h\u0259m d\u0259 onu g\u00f6st\u0259rir ki, t\u0259r\u0259fl\u0259r m\u00fcnasib\u0259tl\u0259ri uzunm\u00fcdd\u0259tli perspektivd\u0259 inki\u015faf etdirm\u0259k niyy\u0259tind\u0259dirl\u0259r. Prezident \u0130lham \u018fliyev \u00e7\u0131x\u0131\u015f\u0131nda son d\u00f6rd il \u0259rzind\u0259 prezidentl\u0259r s\u0259viyy\u0259sind\u0259 yeddi g\u00f6r\u00fc\u015f\u00fcn ke\u00e7irildiyini x\u00fcsusi qeyd etdi. Bu g\u00f6r\u00fc\u015fl\u0259rin sonuncusu M\u00fcnxen \u015f\u0259h\u0259rind\u0259 ba\u015f tutub. Bu statistika Az\u0259rbaycan il\u0259 Ukrayna aras\u0131nda \u0259laq\u0259l\u0259rin n\u0259 q\u0259d\u0259r intensiv v\u0259 dinamik inki\u015faf etdiyini a\u00e7\u0131q \u015f\u0259kild\u0259 g\u00f6st\u0259rir.<\/p>\n\n\n\n<p>H\u0259r iki \u00f6lk\u0259 \u00f6z milli maraqlar\u0131n\u0131 qorumaqla yana\u015f\u0131, ortaq m\u0259qs\u0259dl\u0259r \u0259traf\u0131nda birl\u0259\u015fm\u0259yi bacar\u0131r. Bu is\u0259 \u0259m\u0259kda\u015fl\u0131\u011f\u0131n daha s\u0259m\u0259r\u0259li v\u0259 uzun\u00f6m\u00fcrl\u00fc olmas\u0131na \u015f\u0259rait yarad\u0131r. Prezident \u0130lham \u018fliyev vur\u011fulad\u0131 ki, Az\u0259rbaycan\u2013Ukrayna m\u00fcnasib\u0259tl\u0259rinin \u0259sas\u0131nda qar\u015f\u0131l\u0131ql\u0131 h\u00f6rm\u0259t v\u0259 maraqlar\u0131n t\u0259min olunmas\u0131 prinsipl\u0259ri dayan\u0131r. Bu yana\u015fma beyn\u0259lxalq m\u00fcnasib\u0259tl\u0259rd\u0259 \u0259n vacib amill\u0259rd\u0259n biridir v\u0259 t\u0259r\u0259fda\u015fl\u0131\u011f\u0131n dayan\u0131ql\u0131 olmas\u0131n\u0131 t\u0259min edir.<\/p>\n\n\n\n<p>Aprelin 25-d\u0259 ba\u015f tutan s\u0259f\u0259rin Az\u0259rbaycan\u2013Ukrayna m\u00fcnasib\u0259tl\u0259rinin inki\u015faf\u0131na m\u00fch\u00fcm t\u00f6hf\u0259 ver\u0259c\u0259yi \u015f\u00fcbh\u0259sizdir. \u0130lham \u018fliyev t\u0259r\u0259find\u0259n s\u0259sl\u0259ndiril\u0259n fikirl\u0259r g\u00f6st\u0259rir ki, t\u0259r\u0259fl\u0259r \u0259m\u0259kda\u015fl\u0131\u011f\u0131 yaln\u0131z m\u00f6vcud s\u0259viyy\u0259d\u0259 saxlamaqla kifay\u0259tl\u0259nm\u0259k niyy\u0259tind\u0259 deyil, onu daha da geni\u015fl\u0259ndirm\u0259k v\u0259 d\u0259rinl\u0259\u015fdirm\u0259k ist\u0259yirl\u0259r. Volodimir Zelenski il\u0259 ke\u00e7iril\u0259n bu g\u00f6r\u00fc\u015f n\u0259tic\u0259sind\u0259 \u0259ld\u0259 olunan raz\u0131la\u015fmalar v\u0259 m\u00fczakir\u0259 olunan t\u0259\u015f\u0259bb\u00fcsl\u0259r yax\u0131n ill\u0259rd\u0259 h\u0259m h\u0259rbi-texniki, h\u0259m s\u0259naye, h\u0259m d\u0259 dig\u0259r sah\u0259l\u0259rd\u0259 konkret layih\u0259l\u0259rin h\u0259yata ke\u00e7irilm\u0259sin\u0259 g\u0259tirib \u00e7\u0131xara bil\u0259r. Prezident \u0130lham \u018fliyevin b\u0259yanat\u0131 Az\u0259rbaycan il\u0259 Ukrayna aras\u0131nda m\u00fcnasib\u0259tl\u0259rin strateji t\u0259r\u0259fda\u015fl\u0131q s\u0259viyy\u0259sin\u0259 y\u00fcks\u0259ldiyini g\u00f6st\u0259rir. H\u0259rbi-texniki \u0259m\u0259kda\u015fl\u0131q, birg\u0259 istehsal layih\u0259l\u0259ri v\u0259 y\u00fcks\u0259k s\u0259viyy\u0259li siyasi dialoq bu t\u0259r\u0259fda\u015fl\u0131\u011f\u0131n \u0259sas s\u00fctunlar\u0131n\u0131 t\u0259\u015fkil edir. B\u00fct\u00fcn bu amill\u0259r onu dem\u0259y\u0259 \u0259sas verir ki, Az\u0259rbaycan\u2013Ukrayna \u0259laq\u0259l\u0259ri g\u0259l\u0259c\u0259kd\u0259 daha da m\u00f6hk\u0259ml\u0259n\u0259c\u0259k v\u0259 regional \u0259m\u0259kda\u015fl\u0131q \u00fc\u00e7\u00fcn n\u00fcmun\u0259vi model\u0259 \u00e7evril\u0259 bil\u0259r.<\/p>\n\n\n\n<p>Pa\u015fa-zad\u0259&nbsp; Kamal \u00c7ingiz o\u011flu<\/p>\n\n\n\n<p>Qara Qarayev ad\u0131na M\u0259rk\u0259zi \u0130nc\u0259s\u0259n\u0259t M\u0259kt\u0259binin violon\u00e7el ixtisas\u0131 \u00fczr\u0259 m\u00fc\u0259llimi, Az\u0259rbaycan Respublikas\u0131n\u0131n \u018fm\u0259kdar m\u00fc\u0259llimi<\/p>\n","protected":false},"excerpt":{"rendered":"<p>Prezident \u0130lham \u018fliyev: \u201cSOCAR Ukraynada uzun ill\u0259rdir ki, u\u011furla f\u0259aliyy\u0259t g\u00f6st\u0259rir\u201d. &nbsp;Aprelin 25-d\u0259 Q\u0259b\u0259l\u0259d\u0259 ba\u015f tutan y\u00fcks\u0259k s\u0259viyy\u0259li<\/p>\n","protected":false},"author":1,"featured_media":6977,"comment_status":"open","ping_status":"open","sticky":false,"template":"","format":"standard","meta":{"_coblocks_attr":"","_coblocks_dimensions":"","_coblocks_responsive_height":"","_coblocks_accordion_ie_support":"","footnotes":""},"categories":[8],"tags":[],"yoast_head":"<!-- This site is optimized with the Yoast SEO plugin v22.6 - https:\/\/yoast.com\/wordpress\/plugins\/seo\/ -->\n<title>Az\u0259rbaycan\u2013Ukrayna m\u00fcnasib\u0259tl\u0259ri: siyasi dialoqdan iqtisadi t\u0259r\u0259fda\u015fl\u0131\u011fa - Cari.az<\/title>\n<meta name=\"robots\" content=\"index, follow, max-snippet:-1, max-image-preview:large, max-video-preview:-1\" \/>\n<link rel=\"canonical\" href=\"https:\/\/cari.az\/?p=7604\" \/>\n<meta property=\"og:locale\" content=\"az_AZ\" \/>\n<meta property=\"og:type\" content=\"article\" \/>\n<meta property=\"og:title\" content=\"Az\u0259rbaycan\u2013Ukrayna m\u00fcnasib\u0259tl\u0259ri: siyasi dialoqdan iqtisadi t\u0259r\u0259fda\u015fl\u0131\u011fa - Cari.az\" \/>\n<meta property=\"og:description\" content=\"Prezident \u0130lham \u018fliyev: \u201cSOCAR Ukraynada uzun ill\u0259rdir ki, u\u011furla f\u0259aliyy\u0259t g\u00f6st\u0259rir\u201d. &nbsp;Aprelin 25-d\u0259 Q\u0259b\u0259l\u0259d\u0259 ba\u015f tutan y\u00fcks\u0259k s\u0259viyy\u0259li\" \/>\n<meta property=\"og:url\" content=\"https:\/\/cari.az\/?p=7604\" \/>\n<meta property=\"og:site_name\" content=\"Cari.az\" \/>\n<meta property=\"article:published_time\" content=\"2026-04-28T06:40:26+00:00\" \/>\n<meta property=\"og:image\" content=\"http:\/\/cari.az\/wp-content\/uploads\/2025\/11\/kamal.jpg\" \/>\n\t<meta property=\"og:image:width\" content=\"539\" \/>\n\t<meta property=\"og:image:height\" content=\"375\" \/>\n\t<meta property=\"og:image:type\" content=\"image\/jpeg\" \/>\n<meta name=\"author\" content=\"Cari.az\" \/>\n<meta name=\"twitter:card\" content=\"summary_large_image\" \/>\n<meta name=\"twitter:label1\" content=\"Written by\" \/>\n\t<meta name=\"twitter:data1\" content=\"Cari.az\" \/>\n\t<meta name=\"twitter:label2\" content=\"Est. reading time\" \/>\n\t<meta name=\"twitter:data2\" content=\"5 minutes\" \/>\n<script type=\"application\/ld+json\" class=\"yoast-schema-graph\">{\"@context\":\"https:\/\/schema.org\",\"@graph\":[{\"@type\":\"WebPage\",\"@id\":\"https:\/\/cari.az\/?p=7604\",\"url\":\"https:\/\/cari.az\/?p=7604\",\"name\":\"Az\u0259rbaycan\u2013Ukrayna m\u00fcnasib\u0259tl\u0259ri: siyasi dialoqdan iqtisadi t\u0259r\u0259fda\u015fl\u0131\u011fa - Cari.az\",\"isPartOf\":{\"@id\":\"https:\/\/cari.az\/#website\"},\"primaryImageOfPage\":{\"@id\":\"https:\/\/cari.az\/?p=7604#primaryimage\"},\"image\":{\"@id\":\"https:\/\/cari.az\/?p=7604#primaryimage\"},\"thumbnailUrl\":\"https:\/\/cari.az\/wp-content\/uploads\/2025\/11\/kamal.jpg\",\"datePublished\":\"2026-04-28T06:40:26+00:00\",\"dateModified\":\"2026-04-28T06:40:26+00:00\",\"author\":{\"@id\":\"https:\/\/cari.az\/#\/schema\/person\/e62b6d8f24db7344f8b69bb0282c707f\"},\"breadcrumb\":{\"@id\":\"https:\/\/cari.az\/?p=7604#breadcrumb\"},\"inLanguage\":\"az\",\"potentialAction\":[{\"@type\":\"ReadAction\",\"target\":[\"https:\/\/cari.az\/?p=7604\"]}]},{\"@type\":\"ImageObject\",\"inLanguage\":\"az\",\"@id\":\"https:\/\/cari.az\/?p=7604#primaryimage\",\"url\":\"https:\/\/cari.az\/wp-content\/uploads\/2025\/11\/kamal.jpg\",\"contentUrl\":\"https:\/\/cari.az\/wp-content\/uploads\/2025\/11\/kamal.jpg\",\"width\":539,\"height\":375},{\"@type\":\"BreadcrumbList\",\"@id\":\"https:\/\/cari.az\/?p=7604#breadcrumb\",\"itemListElement\":[{\"@type\":\"ListItem\",\"position\":1,\"name\":\"Home\",\"item\":\"https:\/\/cari.az\/\"},{\"@type\":\"ListItem\",\"position\":2,\"name\":\"Az\u0259rbaycan\u2013Ukrayna m\u00fcnasib\u0259tl\u0259ri: siyasi dialoqdan iqtisadi t\u0259r\u0259fda\u015fl\u0131\u011fa\"}]},{\"@type\":\"WebSite\",\"@id\":\"https:\/\/cari.az\/#website\",\"url\":\"https:\/\/cari.az\/\",\"name\":\"Cari.az\",\"description\":\"\",\"potentialAction\":[{\"@type\":\"SearchAction\",\"target\":{\"@type\":\"EntryPoint\",\"urlTemplate\":\"https:\/\/cari.az\/?s={search_term_string}\"},\"query-input\":\"required name=search_term_string\"}],\"inLanguage\":\"az\"},{\"@type\":\"Person\",\"@id\":\"https:\/\/cari.az\/#\/schema\/person\/e62b6d8f24db7344f8b69bb0282c707f\",\"name\":\"Cari.az\",\"image\":{\"@type\":\"ImageObject\",\"inLanguage\":\"az\",\"@id\":\"https:\/\/cari.az\/#\/schema\/person\/image\/\",\"url\":\"https:\/\/secure.gravatar.com\/avatar\/492c8073cb40378886b9f79931f7d2ff?s=96&d=mm&r=g\",\"contentUrl\":\"https:\/\/secure.gravatar.com\/avatar\/492c8073cb40378886b9f79931f7d2ff?s=96&d=mm&r=g\",\"caption\":\"Cari.az\"},\"sameAs\":[\"http:\/\/cari.az\"],\"url\":\"https:\/\/cari.az\/?author=1\"}]}<\/script>\n<!-- \/ Yoast SEO plugin. -->","yoast_head_json":{"title":"Az\u0259rbaycan\u2013Ukrayna m\u00fcnasib\u0259tl\u0259ri: siyasi dialoqdan iqtisadi t\u0259r\u0259fda\u015fl\u0131\u011fa - Cari.az","robots":{"index":"index","follow":"follow","max-snippet":"max-snippet:-1","max-image-preview":"max-image-preview:large","max-video-preview":"max-video-preview:-1"},"canonical":"https:\/\/cari.az\/?p=7604","og_locale":"az_AZ","og_type":"article","og_title":"Az\u0259rbaycan\u2013Ukrayna m\u00fcnasib\u0259tl\u0259ri: siyasi dialoqdan iqtisadi t\u0259r\u0259fda\u015fl\u0131\u011fa - Cari.az","og_description":"Prezident \u0130lham \u018fliyev: \u201cSOCAR Ukraynada uzun ill\u0259rdir ki, u\u011furla f\u0259aliyy\u0259t g\u00f6st\u0259rir\u201d. &nbsp;Aprelin 25-d\u0259 Q\u0259b\u0259l\u0259d\u0259 ba\u015f tutan y\u00fcks\u0259k s\u0259viyy\u0259li","og_url":"https:\/\/cari.az\/?p=7604","og_site_name":"Cari.az","article_published_time":"2026-04-28T06:40:26+00:00","og_image":[{"width":539,"height":375,"url":"http:\/\/cari.az\/wp-content\/uploads\/2025\/11\/kamal.jpg","type":"image\/jpeg"}],"author":"Cari.az","twitter_card":"summary_large_image","twitter_misc":{"Written by":"Cari.az","Est. reading time":"5 minutes"},"schema":{"@context":"https:\/\/schema.org","@graph":[{"@type":"WebPage","@id":"https:\/\/cari.az\/?p=7604","url":"https:\/\/cari.az\/?p=7604","name":"Az\u0259rbaycan\u2013Ukrayna m\u00fcnasib\u0259tl\u0259ri: siyasi dialoqdan iqtisadi t\u0259r\u0259fda\u015fl\u0131\u011fa - Cari.az","isPartOf":{"@id":"https:\/\/cari.az\/#website"},"primaryImageOfPage":{"@id":"https:\/\/cari.az\/?p=7604#primaryimage"},"image":{"@id":"https:\/\/cari.az\/?p=7604#primaryimage"},"thumbnailUrl":"https:\/\/cari.az\/wp-content\/uploads\/2025\/11\/kamal.jpg","datePublished":"2026-04-28T06:40:26+00:00","dateModified":"2026-04-28T06:40:26+00:00","author":{"@id":"https:\/\/cari.az\/#\/schema\/person\/e62b6d8f24db7344f8b69bb0282c707f"},"breadcrumb":{"@id":"https:\/\/cari.az\/?p=7604#breadcrumb"},"inLanguage":"az","potentialAction":[{"@type":"ReadAction","target":["https:\/\/cari.az\/?p=7604"]}]},{"@type":"ImageObject","inLanguage":"az","@id":"https:\/\/cari.az\/?p=7604#primaryimage","url":"https:\/\/cari.az\/wp-content\/uploads\/2025\/11\/kamal.jpg","contentUrl":"https:\/\/cari.az\/wp-content\/uploads\/2025\/11\/kamal.jpg","width":539,"height":375},{"@type":"BreadcrumbList","@id":"https:\/\/cari.az\/?p=7604#breadcrumb","itemListElement":[{"@type":"ListItem","position":1,"name":"Home","item":"https:\/\/cari.az\/"},{"@type":"ListItem","position":2,"name":"Az\u0259rbaycan\u2013Ukrayna m\u00fcnasib\u0259tl\u0259ri: siyasi dialoqdan iqtisadi t\u0259r\u0259fda\u015fl\u0131\u011fa"}]},{"@type":"WebSite","@id":"https:\/\/cari.az\/#website","url":"https:\/\/cari.az\/","name":"Cari.az","description":"","potentialAction":[{"@type":"SearchAction","target":{"@type":"EntryPoint","urlTemplate":"https:\/\/cari.az\/?s={search_term_string}"},"query-input":"required name=search_term_string"}],"inLanguage":"az"},{"@type":"Person","@id":"https:\/\/cari.az\/#\/schema\/person\/e62b6d8f24db7344f8b69bb0282c707f","name":"Cari.az","image":{"@type":"ImageObject","inLanguage":"az","@id":"https:\/\/cari.az\/#\/schema\/person\/image\/","url":"https:\/\/secure.gravatar.com\/avatar\/492c8073cb40378886b9f79931f7d2ff?s=96&d=mm&r=g","contentUrl":"https:\/\/secure.gravatar.com\/avatar\/492c8073cb40378886b9f79931f7d2ff?s=96&d=mm&r=g","caption":"Cari.az"},"sameAs":["http:\/\/cari.az"],"url":"https:\/\/cari.az\/?author=1"}]}},"_links":{"self":[{"href":"https:\/\/cari.az\/index.php?rest_route=\/wp\/v2\/posts\/7604"}],"collection":[{"href":"https:\/\/cari.az\/index.php?rest_route=\/wp\/v2\/posts"}],"about":[{"href":"https:\/\/cari.az\/index.php?rest_route=\/wp\/v2\/types\/post"}],"author":[{"embeddable":true,"href":"https:\/\/cari.az\/index.php?rest_route=\/wp\/v2\/users\/1"}],"replies":[{"embeddable":true,"href":"https:\/\/cari.az\/index.php?rest_route=%2Fwp%2Fv2%2Fcomments&post=7604"}],"version-history":[{"count":1,"href":"https:\/\/cari.az\/index.php?rest_route=\/wp\/v2\/posts\/7604\/revisions"}],"predecessor-version":[{"id":7605,"href":"https:\/\/cari.az\/index.php?rest_route=\/wp\/v2\/posts\/7604\/revisions\/7605"}],"wp:featuredmedia":[{"embeddable":true,"href":"https:\/\/cari.az\/index.php?rest_route=\/wp\/v2\/media\/6977"}],"wp:attachment":[{"href":"https:\/\/cari.az\/index.php?rest_route=%2Fwp%2Fv2%2Fmedia&parent=7604"}],"wp:term":[{"taxonomy":"category","embeddable":true,"href":"https:\/\/cari.az\/index.php?rest_route=%2Fwp%2Fv2%2Fcategories&post=7604"},{"taxonomy":"post_tag","embeddable":true,"href":"https:\/\/cari.az\/index.php?rest_route=%2Fwp%2Fv2%2Ftags&post=7604"}],"curies":[{"name":"wp","href":"https:\/\/api.w.org\/{rel}","templated":true}]}}