{"id":7606,"date":"2026-04-28T16:23:49","date_gmt":"2026-04-28T12:23:49","guid":{"rendered":"https:\/\/cari.az\/?p=7606"},"modified":"2026-04-28T16:23:50","modified_gmt":"2026-04-28T12:23:50","slug":"az%c9%99rbaycan-respublikasi-v%c9%99-cex-respublikasi-arasinda-cox-f%c9%99al-siyasi-dialoq-movcuddur","status":"publish","type":"post","link":"https:\/\/cari.az\/?p=7606","title":{"rendered":"Az\u0259rbaycan Respublikas\u0131 v\u0259 \u00c7ex Respublikas\u0131 aras\u0131nda \u00e7ox f\u0259al siyasi dialoq m\u00f6vcuddur"},"content":{"rendered":"\n<p><strong>Az\u0259rbaycan Respublikas\u0131 v\u0259 \u00c7ex Respublikas\u0131 aras\u0131nda m\u00fcnasib\u0259tl\u0259r d\u0259rin tarixi k\u00f6kl\u0259r\u0259 malikdir. \u00d6lk\u0259l\u0259rimiz h\u0259l\u0259 sovetl\u0259r d\u00f6vr\u00fcnd\u0259 m\u0259d\u0259niyy\u0259t, t\u0259hsil, elm sah\u0259sind\u0259 s\u0131x \u0259laq\u0259l\u0259r qurub. \u00d6lk\u0259miz m\u00fcst\u0259qillik qazand\u0131qdan sonra m\u00fcnasib\u0259tl\u0259r keyfiyy\u0259tc\u0259 yeni m\u0259rh\u0259l\u0259y\u0259 q\u0259d\u0259m qoyub, t\u0259r\u0259fl\u0259r aras\u0131nda imzalanm\u0131\u015f s\u0259n\u0259dl\u0259r \u0259laq\u0259l\u0259rin normativ-h\u00fcquqi bazas\u0131n\u0131 t\u0259\u015fkil etm\u0259kl\u0259, siyasi v\u0259 iqtisadi sah\u0259l\u0259rd\u0259 birg\u0259 m\u00fcbadil\u0259l\u0259ri geni\u015fl\u0259ndirib.<\/strong><strong> <\/strong>Az\u0259rbaycan Prezidenti \u0130lham \u018fliyev il\u0259 \u00c7ex Respublikas\u0131n\u0131n Ba\u015f naziri Andrey Babi\u015f aras\u0131nda ke\u00e7irilmi\u015f g\u00f6r\u00fc\u015f v\u0259 m\u0259tbuata veril\u0259n b\u0259yanatlar iki \u00f6lk\u0259 m\u00fcnasib\u0259tl\u0259rinin yeni m\u0259rh\u0259l\u0259y\u0259 daxil oldu\u011funu g\u00f6st\u0259r\u0259n m\u00fch\u00fcm siyasi siqnald\u0131r.&nbsp;Bu, Az\u0259rbaycan il\u0259 \u00c7exiya aras\u0131nda m\u00fcnasib\u0259tl\u0259rin epizodik deyil, sistemli v\u0259 institusional xarakter ald\u0131\u011f\u0131n\u0131 g\u00f6st\u0259rir. Bu x\u00fcsusda r\u0259smi s\u0259f\u0259rin \u00f6z\u00fc d\u0259 siyasi irad\u0259nin t\u0259zah\u00fcr\u00fcd\u00fcr v\u0259 ikit\u0259r\u0259fli \u0259laq\u0259l\u0259rin davaml\u0131 inki\u015faf trayektoriyas\u0131na daxil oldu\u011funu g\u00f6st\u0259rir.<\/p>\n\n\n\n<p>\u0130qtisadi sah\u0259y\u0259 dair s\u0259sl\u0259ndiril\u0259n fikirl\u0259r is\u0259 Az\u0259rbaycan diplomatiyas\u0131n\u0131n \u0259n\u0259n\u0259vi yana\u015fmas\u0131ndan enerji resurslar\u0131 \u00fcz\u0259rind\u0259n qurulan \u0259m\u0259kda\u015fl\u0131q modelind\u0259n daha geni\u015f iqtisadi inteqrasiyaya ke\u00e7id niyy\u0259tini a\u00e7\u0131q \u015f\u0259kild\u0259 n\u00fcmayi\u015f etdirir. Az\u0259rbaycanla \u00c7exiya aras\u0131nda enerji t\u0259hl\u00fck\u0259sizliyi v\u0259 dig\u0259r m\u00fcxt\u0259lif sah\u0259l\u0259r \u00fczr\u0259 \u0259m\u0259kda\u015fl\u0131q da geni\u015fl\u0259nir. Bu, h\u0259rbi t\u0259yinatl\u0131 m\u0259hsullar\u0131n idxal\u0131na da aiddir. Az\u0259rbaycanla \u00c7exiya aras\u0131nda h\u0259rbi m\u0259hsullar\u0131n birg\u0259 istehsal\u0131 il\u0259 ba\u011fl\u0131 dan\u0131\u015f\u0131qlar da apar\u0131lm\u0131\u015fd\u0131r, bu dan\u0131\u015f\u0131qlarda birg\u0259 istehsal da m\u00fczakir\u0259 olunmu\u015fdur. Az\u0259rbaycan Respublikas\u0131n\u0131n Prezidenti \u0130lham \u018fliyev m\u0259tbuata b\u0259yanat\u0131nda daha sonra dedi: \u201c\u00d6lk\u0259l\u0259rimiz aras\u0131nda dig\u0259r \u00f6n\u0259mli \u0259m\u0259kda\u015fl\u0131q sah\u0259si m\u00fcdafi\u0259 s\u0259nayesi il\u0259 ba\u011fl\u0131d\u0131r. Burada da uzun m\u00fcdd\u0259t \u0259rzind\u0259 u\u011furlu \u0259m\u0259kda\u015fl\u0131q apar\u0131l\u0131r. Biz \u00c7exiyadan bir \u00e7ox h\u0259rbi t\u0259yinatl\u0131 m\u0259hsullar al\u0131r\u0131q v\u0259 indiki m\u0259rh\u0259l\u0259d\u0259 birg\u0259 istehsalla ba\u011fl\u0131 konkret layih\u0259l\u0259r \u00fcz\u0259rind\u0259 dan\u0131\u015f\u0131qlar gedir. \u018fmin\u0259m ki, bu sah\u0259 d\u0259 \u00e7ox geni\u015fmiqyasl\u0131 olacaq. \u00c7\u00fcnki Az\u0259rbaycan \u00f6z m\u00fcdafi\u0259 potensial\u0131n\u0131, o c\u00fcml\u0259d\u0259n yerli istehsal hesab\u0131na t\u0259min edir v\u0259 g\u0259l\u0259c\u0259kd\u0259 bu sah\u0259d\u0259 b\u00f6y\u00fck t\u0259cr\u00fcb\u0259si olan \u00c7exiya kimi \u00f6lk\u0259l\u0259rl\u0259 bizim m\u00fc\u015ft\u0259r\u0259k i\u015fl\u0259rimiz x\u00fcsusi \u00f6n\u0259m da\u015f\u0131y\u0131r\u201d.<\/p>\n\n\n\n<p>\u00c7exiya Avropada Az\u0259rbaycan\u0131n \u0259n b\u00f6y\u00fck ticar\u0259t t\u0259r\u0259fda\u015flar\u0131 s\u0131ras\u0131nda ilk onluqda yer al\u0131r ki, bu da ticari-investisiya-iqtisadi t\u0259maslar\u0131n kifay\u0259t q\u0259d\u0259r qaneedici olmas\u0131n\u0131 t\u0259sdiql\u0259yir. Ticar\u0259t d\u00f6vriyy\u0259sinin h\u0259cmi 2025-ci ild\u0259 800 milyon AB\u015e dollar\u0131n\u0131 \u00f6t\u00fcb ki, \u0259mt\u0259\u0259 m\u00fcbadil\u0259sinin 744 milyon dollar\u0131 Az\u0259rbaycan\u0131n pay\u0131na d\u00fc\u015f\u00fcb. Ticar\u0259t d\u00f6vriyy\u0259sinin strukturunda Az\u0259rbaycan neftinin ixrac\u0131 x\u00fcsusi \u00fcst\u00fcnl\u00fck t\u0259\u015fkil etdiyind\u0259n, t\u0259r\u0259fl\u0259r \u0259mt\u0259\u0259 m\u00fcbadil\u0259sini \u015fax\u0259l\u0259ndirm\u0259k v\u0259 daha tarazl\u0131 olmas\u0131 \u00fc\u00e7\u00fcn strukturunu t\u0259kmill\u0259\u015fdirm\u0259k niyy\u0259tind\u0259dirl\u0259r.<\/p>\n\n\n\n<p>M\u00fch\u00fcm m\u0259qamlardan biri d\u0259 n\u00fcmay\u0259nd\u0259 hey\u0259tinin t\u0259rkibind\u0259 H\u00f6kum\u0259tin iqtisadi komandas\u0131n\u0131n \u00fczvl\u0259ri il\u0259 yana\u015f\u0131 \u00c7exiyan\u0131n n\u00fcfuzlu biznes icmas\u0131n\u0131n yer almas\u0131 idi. Bu r\u0259smi Praqan\u0131n g\u00fcnd\u0259liyinin kifay\u0259t q\u0259d\u0259r geni\u015f olmas\u0131na i\u015far\u0259 edir v\u0259 Az\u0259rbaycanla \u0259laq\u0259l\u0259r\u0259 \u00e7oxistiqam\u0259tli rakursdan yana\u015f\u0131ld\u0131\u011f\u0131n\u0131 g\u00f6st\u0259rir. Liderl\u0259rin i\u015ftirak\u0131 il\u0259 biznes hey\u0259tl\u0259ri \u00fczvl\u0259rinin qar\u015f\u0131l\u0131ql\u0131 fikir m\u00fcbadil\u0259l\u0259ri aparmas\u0131 da iqtisadi v\u0259 s\u0259rmay\u0259 y\u00f6n\u00fcml\u00fc layih\u0259l\u0259rin diqq\u0259t m\u0259rk\u0259zind\u0259 oldu\u011funa i\u015far\u0259 edir. Eyni zamanda, bu m\u00fc\u015ft\u0259r\u0259k faydal\u0131 m\u00fczakir\u0259l\u0259r yeni iqtisadi prioritetl\u0259ri m\u00fc\u0259yy\u0259n etm\u0259k, d\u00f6vl\u0259t v\u0259 \u00f6z\u0259l \u015firk\u0259tl\u0259r aras\u0131nda t\u0259maslar\u0131 \u0259laq\u0259l\u0259ndirm\u0259k, investisiya t\u0259\u015fviqini art\u0131rmaq, ticari m\u00fcbadil\u0259ni m\u00f6vcud potensial s\u00fctunlar\u0131 \u00fcz\u0259rind\u0259 inki\u015faf etdirm\u0259k bax\u0131m\u0131ndan m\u00fch\u00fcm \u0259h\u0259miyy\u0259t k\u0259sb edir.<br>Az\u0259rbaycan Avropa enerji ail\u0259sinin sadiq \u00fczv\u00fc kimi son ill\u0259rd\u0259 qaz\u0131n h\u0259cml\u0259rini art\u0131rmaq v\u0259 \u015fax\u0259l\u0259ndirm\u0259kl\u0259, ixrac co\u011frafiyas\u0131n\u0131 daha da geni\u015fl\u0259ndirib v\u0259 16 \u00f6lk\u0259nin qaz t\u0259minat\u0131nda apar\u0131c\u0131 d\u00f6vl\u0259tdir. H\u0259min \u00f6lk\u0259l\u0259rin 10-u Avropa \u0130ttifaq\u0131 \u00f6lk\u0259sidir. \u00c7exiya il\u0259 \u0259m\u0259kda\u015fl\u0131\u011f\u0131n b\u00f6y\u00fck hiss\u0259sinin energetika sektoruna aid olmas\u0131, el\u0259c\u0259 d\u0259 \u00c7exiyan\u0131n qon\u015fu \u00f6lk\u0259l\u0259r \u00fc\u00e7\u00fcn tranzit rolunu oynamas\u0131 bu sah\u0259d\u0259 g\u0259l\u0259c\u0259k \u0259m\u0259kda\u015fl\u0131q \u00fc\u00e7\u00fcn yeni imkanlar meydana \u00e7\u0131xar\u0131r. \u0130dxal edil\u0259n neftin 42 faizini Az\u0259rbaycandan \u0259ld\u0259 ed\u0259n bu \u00f6lk\u0259 C\u0259nub Qaz D\u0259hlizinin infrastrukturunun geni\u015fl\u0259ndirilm\u0259si v\u0259 enerji t\u0259chizat\u0131n\u0131n \u015fax\u0259l\u0259ndirilm\u0259si \u00e7\u0259r\u00e7iv\u0259sind\u0259 qaz t\u0259minat\u0131n\u0131 da art\u0131rmaq, el\u0259c\u0259 d\u0259 regional ixrac z\u0259ncirind\u0259 rolunu m\u00f6hk\u0259ml\u0259ndirm\u0259k imkan\u0131 qazanacaq. Az\u0259rbaycan, eyni zamanda, co\u011frafi m\u00f6vqeyi v\u0259 trans-logistika imkanlar\u0131 il\u0259 regionda \u0259sas apar\u0131c\u0131 v\u0259 \u00f6lk\u0259l\u0259r aras\u0131nda \u0259laq\u0259l\u0259ndirici k\u00f6rp\u00fc rolunu oynay\u0131r. M\u00fcxt\u0259lif co\u011frafi h\u00fcdudlar v\u0259 qit\u0259l\u0259rd\u0259n ba\u015flayan n\u0259qliyyat tranzitl\u0259ri \u00f6lk\u0259mizin co\u011frafi land\u015faft\u0131n\u0131 \u0259hat\u0259 etm\u0259kl\u0259 Az\u0259rbaycan\u0131n b\u00f6lg\u0259d\u0259 t\u0259nziml\u0259yici v\u0259 idar\u0259edici rolunu da art\u0131r\u0131r. Bu bax\u0131mdan, Avropan\u0131n m\u00fch\u00fcm logistika qap\u0131lar\u0131ndan biri olan \u00c7ex Respublikas\u0131 il\u0259 kommunikasiya ba\u011flant\u0131lar\u0131n\u0131n diversifikasiyas\u0131 \u00fc\u00e7\u00fcn m\u00fch\u00fcm \u0259h\u0259miyy\u0259t da\u015f\u0131y\u0131r.<\/p>\n\n\n\n<p><strong>M\u00fc\u015ffiq S\u0259f\u0259rov,<\/strong><\/p>\n\n\n\n<p><strong>Yeni Az\u0259rbaycan Partiyas\u0131 Beyl\u0259qan rayon t\u0259\u015fkilat\u0131n\u0131n s\u0259dri<\/strong><strong><\/strong><\/p>\n","protected":false},"excerpt":{"rendered":"<p>Az\u0259rbaycan Respublikas\u0131 v\u0259 \u00c7ex Respublikas\u0131 aras\u0131nda m\u00fcnasib\u0259tl\u0259r d\u0259rin tarixi k\u00f6kl\u0259r\u0259 malikdir. \u00d6lk\u0259l\u0259rimiz h\u0259l\u0259 sovetl\u0259r d\u00f6vr\u00fcnd\u0259 m\u0259d\u0259niyy\u0259t, t\u0259hsil, elm<\/p>\n","protected":false},"author":1,"featured_media":7197,"comment_status":"open","ping_status":"open","sticky":false,"template":"","format":"standard","meta":{"_coblocks_attr":"","_coblocks_dimensions":"","_coblocks_responsive_height":"","_coblocks_accordion_ie_support":"","footnotes":""},"categories":[5],"tags":[],"yoast_head":"<!-- This site is optimized with the Yoast SEO plugin v22.6 - https:\/\/yoast.com\/wordpress\/plugins\/seo\/ -->\n<title>Az\u0259rbaycan Respublikas\u0131 v\u0259 \u00c7ex Respublikas\u0131 aras\u0131nda \u00e7ox f\u0259al siyasi dialoq m\u00f6vcuddur - Cari.az<\/title>\n<meta name=\"robots\" content=\"index, follow, max-snippet:-1, max-image-preview:large, max-video-preview:-1\" \/>\n<link rel=\"canonical\" href=\"https:\/\/cari.az\/?p=7606\" \/>\n<meta property=\"og:locale\" content=\"az_AZ\" \/>\n<meta property=\"og:type\" content=\"article\" \/>\n<meta property=\"og:title\" content=\"Az\u0259rbaycan Respublikas\u0131 v\u0259 \u00c7ex Respublikas\u0131 aras\u0131nda \u00e7ox f\u0259al siyasi dialoq m\u00f6vcuddur - Cari.az\" \/>\n<meta property=\"og:description\" content=\"Az\u0259rbaycan Respublikas\u0131 v\u0259 \u00c7ex Respublikas\u0131 aras\u0131nda m\u00fcnasib\u0259tl\u0259r d\u0259rin tarixi k\u00f6kl\u0259r\u0259 malikdir. \u00d6lk\u0259l\u0259rimiz h\u0259l\u0259 sovetl\u0259r d\u00f6vr\u00fcnd\u0259 m\u0259d\u0259niyy\u0259t, t\u0259hsil, elm\" \/>\n<meta property=\"og:url\" content=\"https:\/\/cari.az\/?p=7606\" \/>\n<meta property=\"og:site_name\" content=\"Cari.az\" \/>\n<meta property=\"article:published_time\" content=\"2026-04-28T12:23:49+00:00\" \/>\n<meta property=\"article:modified_time\" content=\"2026-04-28T12:23:50+00:00\" \/>\n<meta property=\"og:image\" content=\"http:\/\/cari.az\/wp-content\/uploads\/2026\/01\/Musfiq-S\u0259f\u0259rov-YAP.jpeg\" \/>\n\t<meta property=\"og:image:width\" content=\"957\" \/>\n\t<meta property=\"og:image:height\" content=\"593\" \/>\n\t<meta property=\"og:image:type\" content=\"image\/jpeg\" \/>\n<meta name=\"author\" content=\"Cari.az\" \/>\n<meta name=\"twitter:card\" content=\"summary_large_image\" \/>\n<meta name=\"twitter:label1\" content=\"Written by\" \/>\n\t<meta name=\"twitter:data1\" content=\"Cari.az\" \/>\n\t<meta name=\"twitter:label2\" content=\"Est. reading time\" \/>\n\t<meta name=\"twitter:data2\" content=\"4 minutes\" \/>\n<script type=\"application\/ld+json\" class=\"yoast-schema-graph\">{\"@context\":\"https:\/\/schema.org\",\"@graph\":[{\"@type\":\"WebPage\",\"@id\":\"https:\/\/cari.az\/?p=7606\",\"url\":\"https:\/\/cari.az\/?p=7606\",\"name\":\"Az\u0259rbaycan Respublikas\u0131 v\u0259 \u00c7ex Respublikas\u0131 aras\u0131nda \u00e7ox f\u0259al siyasi dialoq m\u00f6vcuddur - Cari.az\",\"isPartOf\":{\"@id\":\"https:\/\/cari.az\/#website\"},\"primaryImageOfPage\":{\"@id\":\"https:\/\/cari.az\/?p=7606#primaryimage\"},\"image\":{\"@id\":\"https:\/\/cari.az\/?p=7606#primaryimage\"},\"thumbnailUrl\":\"https:\/\/cari.az\/wp-content\/uploads\/2026\/01\/Musfiq-S\u0259f\u0259rov-YAP.jpeg\",\"datePublished\":\"2026-04-28T12:23:49+00:00\",\"dateModified\":\"2026-04-28T12:23:50+00:00\",\"author\":{\"@id\":\"https:\/\/cari.az\/#\/schema\/person\/e62b6d8f24db7344f8b69bb0282c707f\"},\"breadcrumb\":{\"@id\":\"https:\/\/cari.az\/?p=7606#breadcrumb\"},\"inLanguage\":\"az\",\"potentialAction\":[{\"@type\":\"ReadAction\",\"target\":[\"https:\/\/cari.az\/?p=7606\"]}]},{\"@type\":\"ImageObject\",\"inLanguage\":\"az\",\"@id\":\"https:\/\/cari.az\/?p=7606#primaryimage\",\"url\":\"https:\/\/cari.az\/wp-content\/uploads\/2026\/01\/Musfiq-S\u0259f\u0259rov-YAP.jpeg\",\"contentUrl\":\"https:\/\/cari.az\/wp-content\/uploads\/2026\/01\/Musfiq-S\u0259f\u0259rov-YAP.jpeg\",\"width\":957,\"height\":593},{\"@type\":\"BreadcrumbList\",\"@id\":\"https:\/\/cari.az\/?p=7606#breadcrumb\",\"itemListElement\":[{\"@type\":\"ListItem\",\"position\":1,\"name\":\"Home\",\"item\":\"https:\/\/cari.az\/\"},{\"@type\":\"ListItem\",\"position\":2,\"name\":\"Az\u0259rbaycan Respublikas\u0131 v\u0259 \u00c7ex Respublikas\u0131 aras\u0131nda \u00e7ox f\u0259al siyasi dialoq m\u00f6vcuddur\"}]},{\"@type\":\"WebSite\",\"@id\":\"https:\/\/cari.az\/#website\",\"url\":\"https:\/\/cari.az\/\",\"name\":\"Cari.az\",\"description\":\"\",\"potentialAction\":[{\"@type\":\"SearchAction\",\"target\":{\"@type\":\"EntryPoint\",\"urlTemplate\":\"https:\/\/cari.az\/?s={search_term_string}\"},\"query-input\":\"required name=search_term_string\"}],\"inLanguage\":\"az\"},{\"@type\":\"Person\",\"@id\":\"https:\/\/cari.az\/#\/schema\/person\/e62b6d8f24db7344f8b69bb0282c707f\",\"name\":\"Cari.az\",\"image\":{\"@type\":\"ImageObject\",\"inLanguage\":\"az\",\"@id\":\"https:\/\/cari.az\/#\/schema\/person\/image\/\",\"url\":\"https:\/\/secure.gravatar.com\/avatar\/492c8073cb40378886b9f79931f7d2ff?s=96&d=mm&r=g\",\"contentUrl\":\"https:\/\/secure.gravatar.com\/avatar\/492c8073cb40378886b9f79931f7d2ff?s=96&d=mm&r=g\",\"caption\":\"Cari.az\"},\"sameAs\":[\"http:\/\/cari.az\"],\"url\":\"https:\/\/cari.az\/?author=1\"}]}<\/script>\n<!-- \/ Yoast SEO plugin. -->","yoast_head_json":{"title":"Az\u0259rbaycan Respublikas\u0131 v\u0259 \u00c7ex Respublikas\u0131 aras\u0131nda \u00e7ox f\u0259al siyasi dialoq m\u00f6vcuddur - Cari.az","robots":{"index":"index","follow":"follow","max-snippet":"max-snippet:-1","max-image-preview":"max-image-preview:large","max-video-preview":"max-video-preview:-1"},"canonical":"https:\/\/cari.az\/?p=7606","og_locale":"az_AZ","og_type":"article","og_title":"Az\u0259rbaycan Respublikas\u0131 v\u0259 \u00c7ex Respublikas\u0131 aras\u0131nda \u00e7ox f\u0259al siyasi dialoq m\u00f6vcuddur - Cari.az","og_description":"Az\u0259rbaycan Respublikas\u0131 v\u0259 \u00c7ex Respublikas\u0131 aras\u0131nda m\u00fcnasib\u0259tl\u0259r d\u0259rin tarixi k\u00f6kl\u0259r\u0259 malikdir. \u00d6lk\u0259l\u0259rimiz h\u0259l\u0259 sovetl\u0259r d\u00f6vr\u00fcnd\u0259 m\u0259d\u0259niyy\u0259t, t\u0259hsil, elm","og_url":"https:\/\/cari.az\/?p=7606","og_site_name":"Cari.az","article_published_time":"2026-04-28T12:23:49+00:00","article_modified_time":"2026-04-28T12:23:50+00:00","og_image":[{"width":957,"height":593,"url":"http:\/\/cari.az\/wp-content\/uploads\/2026\/01\/Musfiq-S\u0259f\u0259rov-YAP.jpeg","type":"image\/jpeg"}],"author":"Cari.az","twitter_card":"summary_large_image","twitter_misc":{"Written by":"Cari.az","Est. reading time":"4 minutes"},"schema":{"@context":"https:\/\/schema.org","@graph":[{"@type":"WebPage","@id":"https:\/\/cari.az\/?p=7606","url":"https:\/\/cari.az\/?p=7606","name":"Az\u0259rbaycan Respublikas\u0131 v\u0259 \u00c7ex Respublikas\u0131 aras\u0131nda \u00e7ox f\u0259al siyasi dialoq m\u00f6vcuddur - Cari.az","isPartOf":{"@id":"https:\/\/cari.az\/#website"},"primaryImageOfPage":{"@id":"https:\/\/cari.az\/?p=7606#primaryimage"},"image":{"@id":"https:\/\/cari.az\/?p=7606#primaryimage"},"thumbnailUrl":"https:\/\/cari.az\/wp-content\/uploads\/2026\/01\/Musfiq-S\u0259f\u0259rov-YAP.jpeg","datePublished":"2026-04-28T12:23:49+00:00","dateModified":"2026-04-28T12:23:50+00:00","author":{"@id":"https:\/\/cari.az\/#\/schema\/person\/e62b6d8f24db7344f8b69bb0282c707f"},"breadcrumb":{"@id":"https:\/\/cari.az\/?p=7606#breadcrumb"},"inLanguage":"az","potentialAction":[{"@type":"ReadAction","target":["https:\/\/cari.az\/?p=7606"]}]},{"@type":"ImageObject","inLanguage":"az","@id":"https:\/\/cari.az\/?p=7606#primaryimage","url":"https:\/\/cari.az\/wp-content\/uploads\/2026\/01\/Musfiq-S\u0259f\u0259rov-YAP.jpeg","contentUrl":"https:\/\/cari.az\/wp-content\/uploads\/2026\/01\/Musfiq-S\u0259f\u0259rov-YAP.jpeg","width":957,"height":593},{"@type":"BreadcrumbList","@id":"https:\/\/cari.az\/?p=7606#breadcrumb","itemListElement":[{"@type":"ListItem","position":1,"name":"Home","item":"https:\/\/cari.az\/"},{"@type":"ListItem","position":2,"name":"Az\u0259rbaycan Respublikas\u0131 v\u0259 \u00c7ex Respublikas\u0131 aras\u0131nda \u00e7ox f\u0259al siyasi dialoq m\u00f6vcuddur"}]},{"@type":"WebSite","@id":"https:\/\/cari.az\/#website","url":"https:\/\/cari.az\/","name":"Cari.az","description":"","potentialAction":[{"@type":"SearchAction","target":{"@type":"EntryPoint","urlTemplate":"https:\/\/cari.az\/?s={search_term_string}"},"query-input":"required name=search_term_string"}],"inLanguage":"az"},{"@type":"Person","@id":"https:\/\/cari.az\/#\/schema\/person\/e62b6d8f24db7344f8b69bb0282c707f","name":"Cari.az","image":{"@type":"ImageObject","inLanguage":"az","@id":"https:\/\/cari.az\/#\/schema\/person\/image\/","url":"https:\/\/secure.gravatar.com\/avatar\/492c8073cb40378886b9f79931f7d2ff?s=96&d=mm&r=g","contentUrl":"https:\/\/secure.gravatar.com\/avatar\/492c8073cb40378886b9f79931f7d2ff?s=96&d=mm&r=g","caption":"Cari.az"},"sameAs":["http:\/\/cari.az"],"url":"https:\/\/cari.az\/?author=1"}]}},"_links":{"self":[{"href":"https:\/\/cari.az\/index.php?rest_route=\/wp\/v2\/posts\/7606"}],"collection":[{"href":"https:\/\/cari.az\/index.php?rest_route=\/wp\/v2\/posts"}],"about":[{"href":"https:\/\/cari.az\/index.php?rest_route=\/wp\/v2\/types\/post"}],"author":[{"embeddable":true,"href":"https:\/\/cari.az\/index.php?rest_route=\/wp\/v2\/users\/1"}],"replies":[{"embeddable":true,"href":"https:\/\/cari.az\/index.php?rest_route=%2Fwp%2Fv2%2Fcomments&post=7606"}],"version-history":[{"count":1,"href":"https:\/\/cari.az\/index.php?rest_route=\/wp\/v2\/posts\/7606\/revisions"}],"predecessor-version":[{"id":7607,"href":"https:\/\/cari.az\/index.php?rest_route=\/wp\/v2\/posts\/7606\/revisions\/7607"}],"wp:featuredmedia":[{"embeddable":true,"href":"https:\/\/cari.az\/index.php?rest_route=\/wp\/v2\/media\/7197"}],"wp:attachment":[{"href":"https:\/\/cari.az\/index.php?rest_route=%2Fwp%2Fv2%2Fmedia&parent=7606"}],"wp:term":[{"taxonomy":"category","embeddable":true,"href":"https:\/\/cari.az\/index.php?rest_route=%2Fwp%2Fv2%2Fcategories&post=7606"},{"taxonomy":"post_tag","embeddable":true,"href":"https:\/\/cari.az\/index.php?rest_route=%2Fwp%2Fv2%2Ftags&post=7606"}],"curies":[{"name":"wp","href":"https:\/\/api.w.org\/{rel}","templated":true}]}}