{"id":7610,"date":"2026-04-29T10:50:19","date_gmt":"2026-04-29T06:50:19","guid":{"rendered":"https:\/\/cari.az\/?p=7610"},"modified":"2026-04-29T10:50:20","modified_gmt":"2026-04-29T06:50:20","slug":"az%c9%99rbaycan-qazinin-avropadaki-rolu-genisl%c9%99nir","status":"publish","type":"post","link":"https:\/\/cari.az\/?p=7610","title":{"rendered":"Az\u0259rbaycan qaz\u0131n\u0131n Avropadak\u0131 rolu geni\u015fl\u0259nir"},"content":{"rendered":"\n<p><strong>Prezident \u0130lham \u018fliyev: <em>\u201cAz\u0259rbaycan qaz\u0131 16 \u00f6lk\u0259y\u0259 ixrac edilir v\u0259 onlardan 10 \u00f6lk\u0259 Avropa \u0130ttifaq\u0131n\u0131n \u00fczv\u00fcd\u00fcr\u201d<\/em><\/strong><\/p>\n\n\n\n<p>2026-c\u0131 ilin 27 aprel tarixind\u0259 Q\u0259b\u0259l\u0259d\u0259 Az\u0259rbaycan il\u0259 Avropa aras\u0131nda enerji \u0259m\u0259kda\u015fl\u0131\u011f\u0131n\u0131n g\u0259l\u0259c\u0259yin\u0259 i\u015f\u0131q salan m\u00fch\u00fcm bir g\u00f6r\u00fc\u015f ba\u015f tutdu. Az\u0259rbaycan Respublikas\u0131n\u0131n Prezidenti \u0130lham \u018fliyev il\u0259 \u00c7ex Respublikas\u0131n\u0131n Ba\u015f naziri Andrej Babi\u0161 aras\u0131nda ke\u00e7iril\u0259n dan\u0131\u015f\u0131qlar v\u0259 m\u0259tbuata veril\u0259n b\u0259yanatlar g\u00f6st\u0259rdi ki, t\u0259r\u0259fl\u0259r m\u00fcnasib\u0259tl\u0259ri yaln\u0131z m\u00f6vcud enerji ticar\u0259ti \u00e7\u0259r\u00e7iv\u0259sind\u0259 deyil, daha geni\u015f v\u0259 uzunm\u00fcdd\u0259tli strateji \u0259m\u0259kda\u015fl\u0131q s\u0259viyy\u0259sind\u0259 inki\u015faf etdirm\u0259k niyy\u0259tind\u0259dir. Bu g\u00f6r\u00fc\u015f h\u0259m Az\u0259rbaycan\u0131n Avropan\u0131n enerji t\u0259hl\u00fck\u0259sizliyind\u0259 artan rolunu, h\u0259m d\u0259 region \u00f6lk\u0259l\u0259ri il\u0259 qurulan \u00e7ox\u015fax\u0259li t\u0259r\u0259fda\u015fl\u0131q modelinin \u0259h\u0259miyy\u0259tini bir daha \u00f6n plana \u00e7\u0131xard\u0131. \u0130ki \u00f6lk\u0259nin lideri t\u0259r\u0259find\u0259n m\u0259tbuata veril\u0259n b\u0259yanatlar Az\u0259rbaycan-Avropa enerji \u0259m\u0259kda\u015fl\u0131\u011f\u0131n\u0131n yeni m\u0259rh\u0259l\u0259y\u0259 q\u0259d\u0259m qoydu\u011funu g\u00f6st\u0259r\u0259n m\u00fch\u00fcm hadis\u0259 kimi qiym\u0259tl\u0259ndiril\u0259 bil\u0259r. Prezident \u0130lham \u018fliyevin \u00e7\u0131x\u0131\u015f\u0131nda vur\u011fulad\u0131\u011f\u0131 kimi, haz\u0131rda Az\u0259rbaycan t\u0259bii qaz\u0131n\u0131 16 \u00f6lk\u0259y\u0259 ixrac edir v\u0259 bu \u00f6lk\u0259l\u0259rd\u0259n 10-u Avropa \u0130ttifaq\u0131n\u0131n \u00fczv\u00fcd\u00fcr. Bu fakt Az\u0259rbaycan\u0131n enerji t\u0259hl\u00fck\u0259sizliyi sah\u0259sind\u0259 Avropa \u00fc\u00e7\u00fcn etibarl\u0131 t\u0259r\u0259fda\u015f oldu\u011funu bir daha t\u0259sdiql\u0259yir. X\u00fcsusil\u0259 son ill\u0259rd\u0259 geosiyasi g\u0259rginlikl\u0259r v\u0259 enerji bazarlar\u0131nda ba\u015f ver\u0259n d\u0259yi\u015fiklikl\u0259r fonunda Az\u0259rbaycan\u0131n rolu daha da artm\u0131\u015fd\u0131r. C\u0259nub Qaz D\u0259hlizi layih\u0259si v\u0259 onun \u0259sas komponentl\u0259ri \u2013 TANAP v\u0259 TAP boru k\u0259m\u0259rl\u0259ri vasit\u0259sil\u0259 Az\u0259rbaycan qaz\u0131n\u0131n Avropaya \u00e7atd\u0131r\u0131lmas\u0131 enerji mar\u015frutlar\u0131n\u0131n \u015fax\u0259l\u0259ndirilm\u0259si bax\u0131m\u0131ndan strateji \u0259h\u0259miyy\u0259t da\u015f\u0131y\u0131r. Bu, Avropa \u00f6lk\u0259l\u0259rinin t\u0259k m\u0259nb\u0259d\u0259n as\u0131l\u0131l\u0131\u011f\u0131n\u0131 azaltmaqla yana\u015f\u0131, regionda iqtisadi v\u0259 siyasi sabitliy\u0259 d\u0259 t\u00f6hf\u0259 verir.<\/p>\n\n\n\n<p>Liderl\u0259rin g\u00f6r\u00fc\u015f\u00fcnd\u0259 x\u00fcsusi diqq\u0259t \u00e7\u0259k\u0259n m\u0259qamlardan biri Az\u0259rbaycan\u0131n \u00c7exiyaya qon\u015fu \u00f6lk\u0259l\u0259r\u0259 qaz ixrac etm\u0259si v\u0259 bu kontekstd\u0259 Praqa il\u0259 \u0259m\u0259kda\u015fl\u0131q imkanlar\u0131n\u0131n m\u00fczakir\u0259 olunmas\u0131d\u0131r. \u00c7exiya birba\u015fa Az\u0259rbaycan qaz\u0131n\u0131 idxal etm\u0259s\u0259 d\u0259, region \u00f6lk\u0259l\u0259ri vasit\u0259sil\u0259 bu resurslardan faydalanmaq potensial\u0131na malikdir. Andrej Babi\u0161 il\u0259 apar\u0131lan dan\u0131\u015f\u0131qlar g\u00f6st\u0259rir ki, t\u0259r\u0259fl\u0259r enerji sah\u0259sind\u0259 \u0259laq\u0259l\u0259ri yaln\u0131z m\u00f6vcud \u00e7\u0259r\u00e7iv\u0259 il\u0259 m\u0259hdudla\u015fd\u0131rmaq niyy\u0259tind\u0259 deyill\u0259r. \u018fksin\u0259, bu \u0259m\u0259kda\u015fl\u0131q daha geni\u015f v\u0259 uzunm\u00fcdd\u0259tli strateji t\u0259r\u0259fda\u015fl\u0131q kimi n\u0259z\u0259rd\u0259n ke\u00e7irilir. Buraya enerji il\u0259 yana\u015f\u0131, s\u0259naye, texnologiya v\u0259 infrastruktur sah\u0259l\u0259rind\u0259 d\u0259 birg\u0259 layih\u0259l\u0259rin h\u0259yata ke\u00e7irilm\u0259si daxildir. Prezident \u0130lham \u018fliyevin qeyd etdiyi kimi, Az\u0259rbaycan bu \u0259m\u0259kda\u015fl\u0131\u011fa sad\u0259c\u0259 ticar\u0259t \u0259m\u0259liyyat\u0131 kimi baxm\u0131r. Burada \u0259sas m\u0259qs\u0259d uzunm\u00fcdd\u0259tli, qar\u015f\u0131l\u0131ql\u0131 faydaya \u0259saslanan t\u0259r\u0259fda\u015fl\u0131q modelinin qurulmas\u0131d\u0131r. Bu yana\u015fma Az\u0259rbaycan\u0131n xarici siyas\u0259tind\u0259 iqtisadi diplomatiyan\u0131n artan rolunu da \u0259ks etdirir. Enerji resurslar\u0131n\u0131n ixrac\u0131 ilkin m\u0259rh\u0259l\u0259 olsa da, g\u0259l\u0259c\u0259kd\u0259 bu \u0259laq\u0259l\u0259rin daha kompleks iqtisadi m\u00fcnasib\u0259tl\u0259r\u0259 \u00e7evrilm\u0259si g\u00f6zl\u0259nilir. M\u0259s\u0259l\u0259n, enerji infrastrukturu, ya\u015f\u0131l enerji, b\u0259rpa olunan m\u0259nb\u0259l\u0259r v\u0259 innovativ texnologiyalar sah\u0259sind\u0259 \u0259m\u0259kda\u015fl\u0131q perspektivl\u0259ri geni\u015fdir.<\/p>\n\n\n\n<p>Az\u0259rbaycan\u0131n Avropa enerji bazar\u0131ndak\u0131 m\u00f6vqeyinin g\u00fccl\u0259nm\u0259si yaln\u0131z iqtisadi deyil, h\u0259m d\u0259 siyasi bax\u0131mdan m\u00fch\u00fcm n\u0259tic\u0259l\u0259r do\u011furur. Bu, \u00f6lk\u0259nin beyn\u0259lxalq arenada n\u00fcfuzunu art\u0131rmaqla yana\u015f\u0131, regionda sabitliyin qorunmas\u0131na xidm\u0259t edir. \u00c7exiya il\u0259 apar\u0131lan dan\u0131\u015f\u0131qlar is\u0259 g\u00f6st\u0259rir ki, Az\u0259rbaycan Avropa il\u0259 m\u00fcnasib\u0259tl\u0259rini t\u0259kc\u0259 b\u00f6y\u00fck d\u00f6vl\u0259tl\u0259rl\u0259 deyil, h\u0259m d\u0259 M\u0259rk\u0259zi v\u0259 \u015e\u0259rqi Avropa \u00f6lk\u0259l\u0259ri il\u0259 balansl\u0131 \u015f\u0259kild\u0259 inki\u015faf etdirir. Bu is\u0259 enerji diplomatiyas\u0131n\u0131n daha \u00e7evik v\u0259 inkl\u00fcziv modelini formala\u015fd\u0131r\u0131r.<\/p>\n\n\n\n<p>Az\u0259rbaycan il\u0259 \u00c7exiya aras\u0131nda m\u00fcnasib\u0259tl\u0259r son ill\u0259rd\u0259 yaln\u0131z enerji sah\u0259si il\u0259 m\u0259hdudla\u015fmayaraq daha geni\u015f v\u0259 strateji istiqam\u0259tl\u0259r \u00fczr\u0259 inki\u015faf etm\u0259kd\u0259dir. Prezident \u0130lham \u018fliyev il\u0259 Ba\u015f naziri Andrej Babi\u0161 aras\u0131nda ke\u00e7iril\u0259n g\u00f6r\u00fc\u015f zaman\u0131 s\u0259sl\u0259ndiril\u0259n fikirl\u0259r iki \u00f6lk\u0259 aras\u0131nda m\u00fcdafi\u0259 s\u0259nayesi, iqtisadiyyat v\u0259 institusional \u0259m\u0259kda\u015fl\u0131\u011f\u0131n d\u0259rinl\u0259\u015fdirilm\u0259si \u00fc\u00e7\u00fcn geni\u015f imkanlar\u0131n m\u00f6vcud oldu\u011funu ortaya qoydu. Az\u0259rbaycan-\u00c7exiya \u0259m\u0259kda\u015fl\u0131\u011f\u0131nda x\u00fcsusi yer tutan sah\u0259l\u0259rd\u0259n biri m\u00fcdafi\u0259 s\u0259nayesidir. Prezident \u0130lham \u018fliyevin qeyd etdiyi kimi, bu istiqam\u0259td\u0259 art\u0131q uzun ill\u0259rdir u\u011furlu \u0259m\u0259kda\u015fl\u0131q h\u0259yata ke\u00e7irilir. Az\u0259rbaycan \u00c7exiyadan m\u00fcxt\u0259lif h\u0259rbi t\u0259yinatl\u0131 m\u0259hsullar idxal edir v\u0259 bu, \u00f6lk\u0259nin m\u00fcdafi\u0259 qabiliyy\u0259tinin g\u00fccl\u0259ndirilm\u0259sind\u0259 m\u00fch\u00fcm rol oynay\u0131r. Lakin \u0259m\u0259kda\u015fl\u0131q yaln\u0131z idxal s\u0259viyy\u0259sind\u0259 qalm\u0131r. Haz\u0131rda t\u0259r\u0259fl\u0259r birg\u0259 istehsal layih\u0259l\u0259ri \u00fcz\u0259rind\u0259 f\u0259al dan\u0131\u015f\u0131qlar apar\u0131rlar. Bu is\u0259 m\u00fcnasib\u0259tl\u0259rin yeni m\u0259rh\u0259l\u0259y\u0259 ke\u00e7diyini g\u00f6st\u0259rir. Birg\u0259 istehsal h\u0259m texnologiya transferi, h\u0259m d\u0259 yerli s\u0259nayenin inki\u015faf\u0131 bax\u0131m\u0131ndan Az\u0259rbaycan \u00fc\u00e7\u00fcn x\u00fcsusi \u0259h\u0259miyy\u0259t da\u015f\u0131y\u0131r.<\/p>\n\n\n\n<p>Az\u0259rbaycan son ill\u0259rd\u0259 m\u00fcdafi\u0259 s\u0259nayesind\u0259 yerli istehsal\u0131n art\u0131r\u0131lmas\u0131na b\u00f6y\u00fck \u00f6n\u0259m verir. Bu siyas\u0259t \u00f6lk\u0259nin strateji m\u00fcst\u0259qilliyini g\u00fccl\u0259ndirm\u0259kl\u0259 yana\u015f\u0131, iqtisadi inki\u015faf\u0131na da t\u00f6hf\u0259 verir. \u00c7exiya is\u0259 bu sah\u0259d\u0259 z\u0259ngin t\u0259cr\u00fcb\u0259y\u0259 malik \u00f6lk\u0259l\u0259rd\u0259n biridir. M\u0259hz bu s\u0259b\u0259bd\u0259n \u00c7exiya il\u0259 \u0259m\u0259kda\u015fl\u0131q Az\u0259rbaycan\u0131n m\u00fcdafi\u0259 s\u0259nayesind\u0259 keyfiyy\u0259t v\u0259 texnoloji s\u0259viyy\u0259nin y\u00fcks\u0259ldilm\u0259sin\u0259 \u015f\u0259rait yarad\u0131r. Birg\u0259 layih\u0259l\u0259r \u00e7\u0259r\u00e7iv\u0259sind\u0259 yeni istehsal sah\u0259l\u0259rinin yarad\u0131lmas\u0131, m\u00fcasir texnologiyalar\u0131n t\u0259tbiqi v\u0259 kadr haz\u0131rl\u0131\u011f\u0131 kimi istiqam\u0259tl\u0259rd\u0259 ciddi ir\u0259lil\u0259yi\u015f g\u00f6zl\u0259nilir.<\/p>\n\n\n\n<p>G\u00f6r\u00fc\u015f zaman\u0131 m\u00fczakir\u0259 olunan dig\u0259r m\u00fch\u00fcm m\u0259s\u0259l\u0259 H\u00f6kum\u0259tl\u0259raras\u0131 Komissiyan\u0131n f\u0259aliyy\u0259tinin aktivl\u0259\u015fdirilm\u0259si olub. Bu mexanizm iki \u00f6lk\u0259 aras\u0131nda iqtisadi, texniki v\u0259 humanitar sah\u0259l\u0259rd\u0259 \u0259m\u0259kda\u015fl\u0131\u011f\u0131n koordinasiyas\u0131 \u00fc\u00e7\u00fcn vacib platformad\u0131r. Komissiyan\u0131n yax\u0131n vaxtlarda yenid\u0259n toplanmas\u0131 plan\u0131 g\u00f6st\u0259rir ki, t\u0259r\u0259fl\u0259r \u0259m\u0259kda\u015fl\u0131\u011f\u0131 sistemli v\u0259 davaml\u0131 \u015f\u0259kild\u0259 inki\u015faf etdirm\u0259k niyy\u0259tind\u0259dir. Bu c\u00fcr institusional mexanizml\u0259r layih\u0259l\u0259rin daha s\u0259m\u0259r\u0259li icras\u0131na v\u0259 qar\u015f\u0131l\u0131ql\u0131 \u0259laq\u0259l\u0259rin d\u0259rinl\u0259\u015fm\u0259sin\u0259 xidm\u0259t edir.<\/p>\n\n\n\n<p>Apar\u0131lan dan\u0131\u015f\u0131qlar bir daha s\u00fcbut etdi ki, Az\u0259rbaycan-\u00c7exiya m\u00fcnasib\u0259tl\u0259ri qar\u015f\u0131l\u0131ql\u0131 h\u00f6rm\u0259t v\u0259 etimada \u0259saslan\u0131r. Bu m\u00fcnasib\u0259tl\u0259r art\u0131q sad\u0259c\u0259 diplomatik \u0259laq\u0259l\u0259r s\u0259viyy\u0259sini a\u015faraq strateji t\u0259r\u0259fda\u015fl\u0131q m\u0259zmunu qazan\u0131r. Prezident \u0130lham \u018fliyevin vur\u011fulad\u0131\u011f\u0131 kimi, qar\u015f\u0131da \u00e7ox geni\u015f perspektivl\u0259r a\u00e7\u0131l\u0131r. M\u00fcdafi\u0259 s\u0259nayesind\u0259 birg\u0259 istehsal, yeni iqtisadi layih\u0259l\u0259r v\u0259 institusional \u0259m\u0259kda\u015fl\u0131\u011f\u0131n g\u00fccl\u0259ndirilm\u0259si bu perspektivl\u0259rin \u0259sas istiqam\u0259tl\u0259rini t\u0259\u015fkil edir.<\/p>\n\n\n\n<p>Az\u0259rbaycan il\u0259 \u00c7exiya aras\u0131nda \u0259m\u0259kda\u015fl\u0131q dinamik inki\u015faf m\u0259rh\u0259l\u0259sind\u0259dir v\u0259 x\u00fcsusil\u0259 m\u00fcdafi\u0259 s\u0259nayesi sah\u0259sind\u0259 yeni imkanlar yaran\u0131r. Birg\u0259 istehsal layih\u0259l\u0259ri, texnoloji t\u0259r\u0259fda\u015fl\u0131q v\u0259 institusional mexanizml\u0259rin g\u00fccl\u0259ndirilm\u0259si bu m\u00fcnasib\u0259tl\u0259ri daha da d\u0259rinl\u0259\u015fdir\u0259c\u0259k. B\u00fct\u00fcn bunlar onu g\u00f6st\u0259rir ki, Az\u0259rbaycan-\u00c7exiya dostlu\u011fu t\u0259kc\u0259 bu g\u00fcn\u00fcn deyil, g\u0259l\u0259c\u0259yin d\u0259 u\u011furlu \u0259m\u0259kda\u015fl\u0131q modelidir.<\/p>\n\n\n\n<p>Nurullayeva Zenfira \u0130slam q\u0131z\u0131<\/p>\n\n\n\n<p>Qara Qarayev ad\u0131na M\u0259rk\u0259zi \u0130nc\u0259s\u0259n\u0259t M\u0259kt\u0259binin xor&nbsp; ixtisas\u0131 \u00fczr\u0259 m\u00fc\u0259llimi, Az\u0259rbaycan Respublikas\u0131n\u0131n \u018fm\u0259kdar m\u00fc\u0259llimi<\/p>\n","protected":false},"excerpt":{"rendered":"<p>Prezident \u0130lham \u018fliyev: \u201cAz\u0259rbaycan qaz\u0131 16 \u00f6lk\u0259y\u0259 ixrac edilir v\u0259 onlardan 10 \u00f6lk\u0259 Avropa \u0130ttifaq\u0131n\u0131n \u00fczv\u00fcd\u00fcr\u201d 2026-c\u0131 ilin<\/p>\n","protected":false},"author":1,"featured_media":6980,"comment_status":"open","ping_status":"open","sticky":false,"template":"","format":"standard","meta":{"_coblocks_attr":"","_coblocks_dimensions":"","_coblocks_responsive_height":"","_coblocks_accordion_ie_support":"","footnotes":""},"categories":[8],"tags":[],"yoast_head":"<!-- This site is optimized with the Yoast SEO plugin v22.6 - https:\/\/yoast.com\/wordpress\/plugins\/seo\/ -->\n<title>Az\u0259rbaycan qaz\u0131n\u0131n Avropadak\u0131 rolu geni\u015fl\u0259nir - Cari.az<\/title>\n<meta name=\"robots\" content=\"index, follow, max-snippet:-1, max-image-preview:large, max-video-preview:-1\" \/>\n<link rel=\"canonical\" href=\"https:\/\/cari.az\/?p=7610\" \/>\n<meta property=\"og:locale\" content=\"az_AZ\" \/>\n<meta property=\"og:type\" content=\"article\" \/>\n<meta property=\"og:title\" content=\"Az\u0259rbaycan qaz\u0131n\u0131n Avropadak\u0131 rolu geni\u015fl\u0259nir - Cari.az\" \/>\n<meta property=\"og:description\" content=\"Prezident \u0130lham \u018fliyev: \u201cAz\u0259rbaycan qaz\u0131 16 \u00f6lk\u0259y\u0259 ixrac edilir v\u0259 onlardan 10 \u00f6lk\u0259 Avropa \u0130ttifaq\u0131n\u0131n \u00fczv\u00fcd\u00fcr\u201d 2026-c\u0131 ilin\" \/>\n<meta property=\"og:url\" content=\"https:\/\/cari.az\/?p=7610\" \/>\n<meta property=\"og:site_name\" content=\"Cari.az\" \/>\n<meta property=\"article:published_time\" content=\"2026-04-29T06:50:19+00:00\" \/>\n<meta property=\"article:modified_time\" content=\"2026-04-29T06:50:20+00:00\" \/>\n<meta property=\"og:image\" content=\"http:\/\/cari.az\/wp-content\/uploads\/2025\/11\/zenfira.jpg\" \/>\n\t<meta property=\"og:image:width\" content=\"620\" \/>\n\t<meta property=\"og:image:height\" content=\"400\" \/>\n\t<meta property=\"og:image:type\" content=\"image\/jpeg\" \/>\n<meta name=\"author\" content=\"Cari.az\" \/>\n<meta name=\"twitter:card\" content=\"summary_large_image\" \/>\n<meta name=\"twitter:label1\" content=\"Written by\" \/>\n\t<meta name=\"twitter:data1\" content=\"Cari.az\" \/>\n\t<meta name=\"twitter:label2\" content=\"Est. reading time\" \/>\n\t<meta name=\"twitter:data2\" content=\"5 minutes\" \/>\n<script type=\"application\/ld+json\" class=\"yoast-schema-graph\">{\"@context\":\"https:\/\/schema.org\",\"@graph\":[{\"@type\":\"WebPage\",\"@id\":\"https:\/\/cari.az\/?p=7610\",\"url\":\"https:\/\/cari.az\/?p=7610\",\"name\":\"Az\u0259rbaycan qaz\u0131n\u0131n Avropadak\u0131 rolu geni\u015fl\u0259nir - Cari.az\",\"isPartOf\":{\"@id\":\"https:\/\/cari.az\/#website\"},\"primaryImageOfPage\":{\"@id\":\"https:\/\/cari.az\/?p=7610#primaryimage\"},\"image\":{\"@id\":\"https:\/\/cari.az\/?p=7610#primaryimage\"},\"thumbnailUrl\":\"https:\/\/cari.az\/wp-content\/uploads\/2025\/11\/zenfira.jpg\",\"datePublished\":\"2026-04-29T06:50:19+00:00\",\"dateModified\":\"2026-04-29T06:50:20+00:00\",\"author\":{\"@id\":\"https:\/\/cari.az\/#\/schema\/person\/e62b6d8f24db7344f8b69bb0282c707f\"},\"breadcrumb\":{\"@id\":\"https:\/\/cari.az\/?p=7610#breadcrumb\"},\"inLanguage\":\"az\",\"potentialAction\":[{\"@type\":\"ReadAction\",\"target\":[\"https:\/\/cari.az\/?p=7610\"]}]},{\"@type\":\"ImageObject\",\"inLanguage\":\"az\",\"@id\":\"https:\/\/cari.az\/?p=7610#primaryimage\",\"url\":\"https:\/\/cari.az\/wp-content\/uploads\/2025\/11\/zenfira.jpg\",\"contentUrl\":\"https:\/\/cari.az\/wp-content\/uploads\/2025\/11\/zenfira.jpg\",\"width\":620,\"height\":400},{\"@type\":\"BreadcrumbList\",\"@id\":\"https:\/\/cari.az\/?p=7610#breadcrumb\",\"itemListElement\":[{\"@type\":\"ListItem\",\"position\":1,\"name\":\"Home\",\"item\":\"https:\/\/cari.az\/\"},{\"@type\":\"ListItem\",\"position\":2,\"name\":\"Az\u0259rbaycan qaz\u0131n\u0131n Avropadak\u0131 rolu geni\u015fl\u0259nir\"}]},{\"@type\":\"WebSite\",\"@id\":\"https:\/\/cari.az\/#website\",\"url\":\"https:\/\/cari.az\/\",\"name\":\"Cari.az\",\"description\":\"\",\"potentialAction\":[{\"@type\":\"SearchAction\",\"target\":{\"@type\":\"EntryPoint\",\"urlTemplate\":\"https:\/\/cari.az\/?s={search_term_string}\"},\"query-input\":\"required name=search_term_string\"}],\"inLanguage\":\"az\"},{\"@type\":\"Person\",\"@id\":\"https:\/\/cari.az\/#\/schema\/person\/e62b6d8f24db7344f8b69bb0282c707f\",\"name\":\"Cari.az\",\"image\":{\"@type\":\"ImageObject\",\"inLanguage\":\"az\",\"@id\":\"https:\/\/cari.az\/#\/schema\/person\/image\/\",\"url\":\"https:\/\/secure.gravatar.com\/avatar\/492c8073cb40378886b9f79931f7d2ff?s=96&d=mm&r=g\",\"contentUrl\":\"https:\/\/secure.gravatar.com\/avatar\/492c8073cb40378886b9f79931f7d2ff?s=96&d=mm&r=g\",\"caption\":\"Cari.az\"},\"sameAs\":[\"http:\/\/cari.az\"],\"url\":\"https:\/\/cari.az\/?author=1\"}]}<\/script>\n<!-- \/ Yoast SEO plugin. -->","yoast_head_json":{"title":"Az\u0259rbaycan qaz\u0131n\u0131n Avropadak\u0131 rolu geni\u015fl\u0259nir - Cari.az","robots":{"index":"index","follow":"follow","max-snippet":"max-snippet:-1","max-image-preview":"max-image-preview:large","max-video-preview":"max-video-preview:-1"},"canonical":"https:\/\/cari.az\/?p=7610","og_locale":"az_AZ","og_type":"article","og_title":"Az\u0259rbaycan qaz\u0131n\u0131n Avropadak\u0131 rolu geni\u015fl\u0259nir - Cari.az","og_description":"Prezident \u0130lham \u018fliyev: \u201cAz\u0259rbaycan qaz\u0131 16 \u00f6lk\u0259y\u0259 ixrac edilir v\u0259 onlardan 10 \u00f6lk\u0259 Avropa \u0130ttifaq\u0131n\u0131n \u00fczv\u00fcd\u00fcr\u201d 2026-c\u0131 ilin","og_url":"https:\/\/cari.az\/?p=7610","og_site_name":"Cari.az","article_published_time":"2026-04-29T06:50:19+00:00","article_modified_time":"2026-04-29T06:50:20+00:00","og_image":[{"width":620,"height":400,"url":"http:\/\/cari.az\/wp-content\/uploads\/2025\/11\/zenfira.jpg","type":"image\/jpeg"}],"author":"Cari.az","twitter_card":"summary_large_image","twitter_misc":{"Written by":"Cari.az","Est. reading time":"5 minutes"},"schema":{"@context":"https:\/\/schema.org","@graph":[{"@type":"WebPage","@id":"https:\/\/cari.az\/?p=7610","url":"https:\/\/cari.az\/?p=7610","name":"Az\u0259rbaycan qaz\u0131n\u0131n Avropadak\u0131 rolu geni\u015fl\u0259nir - Cari.az","isPartOf":{"@id":"https:\/\/cari.az\/#website"},"primaryImageOfPage":{"@id":"https:\/\/cari.az\/?p=7610#primaryimage"},"image":{"@id":"https:\/\/cari.az\/?p=7610#primaryimage"},"thumbnailUrl":"https:\/\/cari.az\/wp-content\/uploads\/2025\/11\/zenfira.jpg","datePublished":"2026-04-29T06:50:19+00:00","dateModified":"2026-04-29T06:50:20+00:00","author":{"@id":"https:\/\/cari.az\/#\/schema\/person\/e62b6d8f24db7344f8b69bb0282c707f"},"breadcrumb":{"@id":"https:\/\/cari.az\/?p=7610#breadcrumb"},"inLanguage":"az","potentialAction":[{"@type":"ReadAction","target":["https:\/\/cari.az\/?p=7610"]}]},{"@type":"ImageObject","inLanguage":"az","@id":"https:\/\/cari.az\/?p=7610#primaryimage","url":"https:\/\/cari.az\/wp-content\/uploads\/2025\/11\/zenfira.jpg","contentUrl":"https:\/\/cari.az\/wp-content\/uploads\/2025\/11\/zenfira.jpg","width":620,"height":400},{"@type":"BreadcrumbList","@id":"https:\/\/cari.az\/?p=7610#breadcrumb","itemListElement":[{"@type":"ListItem","position":1,"name":"Home","item":"https:\/\/cari.az\/"},{"@type":"ListItem","position":2,"name":"Az\u0259rbaycan qaz\u0131n\u0131n Avropadak\u0131 rolu geni\u015fl\u0259nir"}]},{"@type":"WebSite","@id":"https:\/\/cari.az\/#website","url":"https:\/\/cari.az\/","name":"Cari.az","description":"","potentialAction":[{"@type":"SearchAction","target":{"@type":"EntryPoint","urlTemplate":"https:\/\/cari.az\/?s={search_term_string}"},"query-input":"required name=search_term_string"}],"inLanguage":"az"},{"@type":"Person","@id":"https:\/\/cari.az\/#\/schema\/person\/e62b6d8f24db7344f8b69bb0282c707f","name":"Cari.az","image":{"@type":"ImageObject","inLanguage":"az","@id":"https:\/\/cari.az\/#\/schema\/person\/image\/","url":"https:\/\/secure.gravatar.com\/avatar\/492c8073cb40378886b9f79931f7d2ff?s=96&d=mm&r=g","contentUrl":"https:\/\/secure.gravatar.com\/avatar\/492c8073cb40378886b9f79931f7d2ff?s=96&d=mm&r=g","caption":"Cari.az"},"sameAs":["http:\/\/cari.az"],"url":"https:\/\/cari.az\/?author=1"}]}},"_links":{"self":[{"href":"https:\/\/cari.az\/index.php?rest_route=\/wp\/v2\/posts\/7610"}],"collection":[{"href":"https:\/\/cari.az\/index.php?rest_route=\/wp\/v2\/posts"}],"about":[{"href":"https:\/\/cari.az\/index.php?rest_route=\/wp\/v2\/types\/post"}],"author":[{"embeddable":true,"href":"https:\/\/cari.az\/index.php?rest_route=\/wp\/v2\/users\/1"}],"replies":[{"embeddable":true,"href":"https:\/\/cari.az\/index.php?rest_route=%2Fwp%2Fv2%2Fcomments&post=7610"}],"version-history":[{"count":1,"href":"https:\/\/cari.az\/index.php?rest_route=\/wp\/v2\/posts\/7610\/revisions"}],"predecessor-version":[{"id":7611,"href":"https:\/\/cari.az\/index.php?rest_route=\/wp\/v2\/posts\/7610\/revisions\/7611"}],"wp:featuredmedia":[{"embeddable":true,"href":"https:\/\/cari.az\/index.php?rest_route=\/wp\/v2\/media\/6980"}],"wp:attachment":[{"href":"https:\/\/cari.az\/index.php?rest_route=%2Fwp%2Fv2%2Fmedia&parent=7610"}],"wp:term":[{"taxonomy":"category","embeddable":true,"href":"https:\/\/cari.az\/index.php?rest_route=%2Fwp%2Fv2%2Fcategories&post=7610"},{"taxonomy":"post_tag","embeddable":true,"href":"https:\/\/cari.az\/index.php?rest_route=%2Fwp%2Fv2%2Ftags&post=7610"}],"curies":[{"name":"wp","href":"https:\/\/api.w.org\/{rel}","templated":true}]}}