{"id":7612,"date":"2026-04-29T13:26:23","date_gmt":"2026-04-29T09:26:23","guid":{"rendered":"https:\/\/cari.az\/?p=7612"},"modified":"2026-04-29T13:26:24","modified_gmt":"2026-04-29T09:26:24","slug":"q%c9%99hr%c9%99manliq-tariximizin-unudulmaz-adi-yasar-abisov","status":"publish","type":"post","link":"https:\/\/cari.az\/?p=7612","title":{"rendered":"Q\u0259hr\u0259manl\u0131q tariximizin unudulmaz ad\u0131: Ya\u015far Ab\u0131\u015fov"},"content":{"rendered":"\n<p>\u018fsrl\u0259r boyu xalq\u0131m\u0131z\u0131n \u00fczl\u0259\u015fdiyi yadelli i\u015f\u011fal\u00e7\u0131lara qar\u015f\u0131 m\u00fcbariz\u0259d\u0259 f\u0259rql\u0259n\u0259n, \u015f\u00fcca\u0259t g\u00f6st\u0259r\u0259n q\u0259hr\u0259manlar unudulmur, \u0259ksin\u0259 onlar\u0131n xatir\u0259si h\u0259r zaman q\u0259dirbil\u0259n xalq\u0131m\u0131z\u0131n yadda\u015f\u0131nda ya\u015fay\u0131r, n\u0259sild\u0259n-n\u0259sil\u0259 \u00f6t\u00fcr\u00fcl\u00fcr. Zaman-zaman bu q\u0259hr\u0259manlar\u0131n adlar\u0131n\u0131 \u0259b\u0259dil\u0259\u015fdirm\u0259k m\u0259qs\u0259dil\u0259 kitablar yaz\u0131l\u0131r, filml\u0259r \u00e7\u0259kilir, k\u00fc\u00e7\u0259l\u0259r, parklar, m\u0259kt\u0259bl\u0259r onlar\u0131n adlar\u0131 il\u0259 adland\u0131r\u0131l\u0131r.<\/p>\n\n\n\n<p>\u00d6t\u0259n \u0259srin 90-c\u0131 ill\u0259rind\u0259n \u00f6lk\u0259miz\u0259 g\u00f6z dik\u0259n b\u0259dnam qon\u015fular iri d\u00f6vl\u0259tl\u0259rin maliyy\u0259, silah-sursat, texnika, siyasi d\u0259st\u0259yi il\u0259 ard\u0131c\u0131l olaraq rayonlar\u0131m\u0131z\u0131 i\u015f\u011fal etm\u0259y\u0259 ba\u015flad\u0131lar. H\u0259l\u0259 yeni yaranan Az\u0259rbaycan m\u00fcst\u0259qil d\u00f6vl\u0259ti tam formala\u015fmam\u0131\u015f daxild\u0259 olan h\u0259rc-m\u0259rclik, qrupla\u015fmalar, v\u0259zif\u0259d\u0259 olanlar\u0131n kreslo davas\u0131, orduda nizams\u0131zl\u0131q erm\u0259nil\u0259rin \u00e7irkin siyas\u0259tini daha da g\u00fccl\u0259ndirdi. Bel\u0259 bir m\u0259qamda xalq\u0131n \u00f6z i\u00e7ind\u0259n \u00e7\u0131xan q\u0259hr\u0259man o\u011fullar k\u00f6n\u00fcll\u00fc d\u0259st\u0259l\u0259r yarad\u0131b d\u00fc\u015fm\u0259n qar\u015f\u0131s\u0131na \u00e7\u0131xd\u0131lar. Bu q\u0259hr\u0259manlardan biri d\u0259 Ab\u0131\u015fov Ya\u015far Teymur o\u011fludur.<\/p>\n\n\n\n<p>Bu g\u00fcnl\u0259rd\u0259 birinci Qaraba\u011f m\u00fcharib\u0259si \u015f\u0259hidi Ab\u0131\u015fov Ya\u015far Teymur o\u011flu \u015f\u0259had\u0259t\u0259 y\u00fcks\u0259lm\u0259yinin 32-ci id\u00f6n\u00fcm\u00fcnd\u0259 yad edilib. Bu m\u00fcnasib\u0259tl\u0259 \u015f\u0259hidin do\u011fuldu\u011fu C\u0259bray\u0131l rayonu Soltanl\u0131 k\u0259ndind\u0259 an\u0131m m\u0259rasimi ke\u00e7irilib. T\u0259dbird\u0259 Az\u0259rbaycan\u0131n \u0259razi b\u00fct\u00f6vl\u00fcy\u00fc v\u0259 suverenliyi u\u011frunda h\u0259lak olan \u015f\u0259hidl\u0259rimizin xatir\u0259si yad edilib.<\/p>\n\n\n\n<p>T\u0259dbiri giri\u015f s\u00f6z\u00fc il\u0259 a\u00e7an \u015f\u0259hidin bac\u0131s\u0131 Nurid\u0259 Ab\u0131\u015fova i\u015ftirak\u00e7\u0131lar\u0131 salamlayaraq qeyd edib ki, Ab\u0131\u015fov Ya\u015far Teymur o\u011flu 1990-1992-ci ild\u0259 Rusiyada h\u0259rbi xidm\u0259tini ba\u015fa vurub \u00f6lk\u0259miz\u0259 qay\u0131d\u0131b. Qaraba\u011f u\u011frunda ged\u0259n d\u00f6y\u00fc\u015fl\u0259r\u0259 k\u00f6n\u00fcll\u00fc qo\u015fulan ucaboylu, enlik\u00fcr\u0259kli, p\u0259hl\u0259van c\u00fcss\u0259li Ya\u015far 1994-c\u00fc ild\u0259 L\u0259l\u0259t\u0259p\u0259 u\u011frunda ged\u0259n d\u00f6y\u00fc\u015fl\u0259rd\u0259 q\u0259hr\u0259mancas\u0131na h\u0259lak olmu\u015fdur.<\/p>\n\n\n\n<p>Daha sonra o qeyd edib ki, bu g\u00fcn ziddiyy\u0259tli, qar\u0131\u015f\u0131q hissl\u0259rin ya\u015fand\u0131\u011fl bir g\u00fcnd\u00fcr: Bu g\u00fcn g\u00f6z\u00fcm\u00fcz a\u011flay\u0131r, \u00fcz\u00fcm\u00fcz g\u00fcl\u00fcr. G\u00f6z\u00fcm\u00fcz ona g\u00f6r\u0259 a\u011flay\u0131r ki, do\u011fulub boya-ba\u015fa \u00e7atd\u0131\u011f\u0131m\u0131z k\u0259ndl\u0259r xarabal\u0131\u011fa \u00e7evrilib, qar\u015f\u0131s\u0131nda dayand\u0131\u011f\u0131m\u0131z, ulular\u0131m\u0131z\u0131n uyudu\u011fu m\u0259zarl\u0131q viran olubdur. G\u00f6z\u00fcm\u00fcz ona g\u00f6r\u0259 a\u011flay\u0131r ki, Ya\u015far v\u0259 onun simas\u0131nda olan b\u00fct\u00fcn \u015f\u0259hidl\u0259r cism\u0259n aram\u0131zda deyill\u0259r. Q\u00fcrurluyuq, ona g\u00f6r\u0259 ki, \u00f6m\u00fcr pay\u0131m\u0131z\u0131n harda bitm\u0259yind\u0259n as\u0131l\u0131 olmayaraq, biz yenid\u0259n \u00f6z ata-baba torpa\u011f\u0131m\u0131zda, \u00f6z k\u0259ndimizd\u0259yik.<\/p>\n\n\n\n<p>\u015e\u0259hid Ya\u015far\u0131n t\u0259hsil ald\u0131\u011f\u0131 Soltanl\u0131 k\u0259nd orta m\u0259kt\u0259binin m\u00fc\u0259llimi G\u00f6y\u00e7\u0259k \u018fs\u0259dova qeyd edib ki, uzun ill\u0259r BMT, AT\u018fT v\u0259 ba\u015fqa n\u00fcfuzlu beyn\u0259lxalq t\u0259\u015fkilatlar\u0131n \u0259dal\u0259ti t\u0259min ed\u0259c\u0259yin\u0259 \u00fcmid olsaq da, sonradan ata v\u0259siyy\u0259tini zaman\u0131nda yerin\u0259 yetir\u0259n Az\u0259rbaycan Prezidentinin dediyi kimi, kim g\u00fccl\u00fcd\u00fcrs\u0259, o da haql\u0131d\u0131r prinsipinin, beyn\u0259lxalq h\u00fcququn prinsipl\u0259rini k\u00f6lg\u0259d\u0259 qoydu\u011funun \u015fahidi olduq. V\u0259 30 il \u0259rzind\u0259 toplad\u0131\u011f\u0131m\u0131z iqtisadi, siyasi, h\u0259rbi g\u00fcc\u00fcm\u00fcz 44 g\u00fcnl\u00fck m\u00fcharib\u0259nin fonunda \u0259dal\u0259ti, \u0259razi b\u00fct\u00f6vl\u00fcy\u00fcm\u00fcz\u00fc t\u0259min etdi, \u015f\u0259hidl\u0259rin qisas\u0131 al\u0131nd\u0131.<\/p>\n\n\n\n<p>Ne\u00e7\u0259 ki, Az\u0259rbaycan xalq\u0131 var, ne\u00e7\u0259 ki, bu k\u0259nd var, bu abadla\u015fan, yenid\u0259n tikil\u0259n k\u0259ndd\u0259 ya\u015fayacaq insan varsa, Az\u0259rbaycan\u0131n \u0259razi b\u00fct\u00f6vl\u00fcy\u00fc u\u011frunda \u015f\u0259hid olanlar\u0131n \u0259ziz xatir\u0259si h\u0259r zaman ehtiramla yad edilib, uca tutulacaqd\u0131r.<\/p>\n\n\n\n<p>\u201cAz\u0259rbaycan Respublikas\u0131 qabaqc\u0131l t\u0259hsil i\u015f\u00e7isi\u201d, bir ne\u00e7\u0259 kitab m\u00fc\u0259llifi Firduz \u018fhm\u0259dov v\u0259 \u015f\u0259hidin d\u00f6y\u00fc\u015f yolda\u015f\u0131 S\u0259ttar Abdullayev \u015f\u0259hidin \u00f6m\u00fcr yolundan, d\u00f6y\u00fc\u015f xatir\u0259l\u0259rind\u0259n s\u00f6z a\u00e7\u0131blar, b\u00fct\u00fcn \u015f\u0259hidl\u0259r\u0259 r\u0259hm\u0259t, ail\u0259 \u00fczvl\u0259rin\u0259 s\u0259br dil\u0259yibl\u0259r.<\/p>\n\n\n\n<p>An\u0131m g\u00fcn\u00fcn\u00fcn sonunda t\u0259dbirin t\u0259\u015fkilat\u00e7\u0131s\u0131 \u015f\u0259hidin \u0259misi o\u011flu Hac\u0131 Ramazan S\u0259f\u0259r\u0259liyev v\u0259 \u015f\u0259hidin qarda\u015f\u0131 Teyfur Ab\u0131\u015fov ail\u0259 \u00fczvl\u0259ri ad\u0131ndan m\u0259rasim i\u015ftirak\u00e7\u0131lar\u0131na s\u0259mimi minn\u0259tdarl\u0131\u011f\u0131n\u0131 bildirib.<\/p>\n\n\n\n<p><em>&nbsp;M\u0259h\u0259bb\u0259t Vahido\u011flu<\/em><\/p>\n\n\n\n<p><em>C\u0259bray\u0131l rayonu, Soltanl\u0131 k\u0259ndi.<\/em><em><\/em><\/p>\n\n\n\n<figure class=\"wp-block-image\"><a href=\"https:\/\/informasiya.az\/wp-content\/uploads\/2026\/04\/WhatsApp-Image-2026-04-28-at-23.46.32.jpeg\"><img decoding=\"async\" src=\"https:\/\/informasiya.az\/wp-content\/uploads\/2026\/04\/WhatsApp-Image-2026-04-28-at-23.46.32-150x150.jpeg\" alt=\"\"\/><\/a><\/figure>\n\n\n\n<figure class=\"wp-block-image\"><a href=\"https:\/\/informasiya.az\/wp-content\/uploads\/2026\/04\/WhatsApp-Image-2026-04-28-at-23.44.34.jpeg\"><img decoding=\"async\" src=\"https:\/\/informasiya.az\/wp-content\/uploads\/2026\/04\/WhatsApp-Image-2026-04-28-at-23.44.34-150x150.jpeg\" alt=\"\"\/><\/a><\/figure>\n\n\n\n<figure class=\"wp-block-image\"><a href=\"https:\/\/informasiya.az\/wp-content\/uploads\/2026\/04\/WhatsApp-Image-2026-04-28-at-23.39.41.jpeg\"><img decoding=\"async\" src=\"https:\/\/informasiya.az\/wp-content\/uploads\/2026\/04\/WhatsApp-Image-2026-04-28-at-23.39.41-150x150.jpeg\" alt=\"\"\/><\/a><\/figure>\n\n\n\n<figure class=\"wp-block-image\"><a href=\"https:\/\/informasiya.az\/wp-content\/uploads\/2026\/04\/WhatsApp-Image-2026-04-28-at-23.36.43-scaled.jpeg\"><img decoding=\"async\" src=\"https:\/\/informasiya.az\/wp-content\/uploads\/2026\/04\/WhatsApp-Image-2026-04-28-at-23.36.43-150x150.jpeg\" alt=\"\"\/><\/a><\/figure>\n\n\n\n<figure class=\"wp-block-image\"><a href=\"https:\/\/informasiya.az\/wp-content\/uploads\/2026\/04\/IMG_7865.JPG-scaled.jpeg\"><img decoding=\"async\" src=\"https:\/\/informasiya.az\/wp-content\/uploads\/2026\/04\/IMG_7865.JPG-150x150.jpeg\" alt=\"\"\/><\/a><\/figure>\n","protected":false},"excerpt":{"rendered":"<p>\u018fsrl\u0259r boyu xalq\u0131m\u0131z\u0131n \u00fczl\u0259\u015fdiyi yadelli i\u015f\u011fal\u00e7\u0131lara qar\u015f\u0131 m\u00fcbariz\u0259d\u0259 f\u0259rql\u0259n\u0259n, \u015f\u00fcca\u0259t g\u00f6st\u0259r\u0259n q\u0259hr\u0259manlar unudulmur, \u0259ksin\u0259 onlar\u0131n xatir\u0259si h\u0259r zaman<\/p>\n","protected":false},"author":1,"featured_media":7613,"comment_status":"open","ping_status":"open","sticky":false,"template":"","format":"standard","meta":{"_coblocks_attr":"","_coblocks_dimensions":"","_coblocks_responsive_height":"","_coblocks_accordion_ie_support":"","footnotes":""},"categories":[5],"tags":[],"yoast_head":"<!-- This site is optimized with the Yoast SEO plugin v22.6 - https:\/\/yoast.com\/wordpress\/plugins\/seo\/ -->\n<title>Q\u0259hr\u0259manl\u0131q tariximizin unudulmaz ad\u0131: Ya\u015far Ab\u0131\u015fov - Cari.az<\/title>\n<meta name=\"robots\" content=\"index, follow, max-snippet:-1, max-image-preview:large, max-video-preview:-1\" \/>\n<link rel=\"canonical\" href=\"https:\/\/cari.az\/?p=7612\" \/>\n<meta property=\"og:locale\" content=\"az_AZ\" \/>\n<meta property=\"og:type\" content=\"article\" \/>\n<meta property=\"og:title\" content=\"Q\u0259hr\u0259manl\u0131q tariximizin unudulmaz ad\u0131: Ya\u015far Ab\u0131\u015fov - Cari.az\" \/>\n<meta property=\"og:description\" content=\"\u018fsrl\u0259r boyu xalq\u0131m\u0131z\u0131n \u00fczl\u0259\u015fdiyi yadelli i\u015f\u011fal\u00e7\u0131lara qar\u015f\u0131 m\u00fcbariz\u0259d\u0259 f\u0259rql\u0259n\u0259n, \u015f\u00fcca\u0259t g\u00f6st\u0259r\u0259n q\u0259hr\u0259manlar unudulmur, \u0259ksin\u0259 onlar\u0131n xatir\u0259si h\u0259r zaman\" \/>\n<meta property=\"og:url\" content=\"https:\/\/cari.az\/?p=7612\" \/>\n<meta property=\"og:site_name\" content=\"Cari.az\" \/>\n<meta property=\"article:published_time\" content=\"2026-04-29T09:26:23+00:00\" \/>\n<meta property=\"article:modified_time\" content=\"2026-04-29T09:26:24+00:00\" \/>\n<meta property=\"og:image\" content=\"http:\/\/cari.az\/wp-content\/uploads\/2026\/04\/IMG_7865.JPG.jpeg\" \/>\n\t<meta property=\"og:image:width\" content=\"2148\" \/>\n\t<meta property=\"og:image:height\" content=\"2134\" \/>\n\t<meta property=\"og:image:type\" content=\"image\/jpeg\" \/>\n<meta name=\"author\" content=\"Cari.az\" \/>\n<meta name=\"twitter:card\" content=\"summary_large_image\" \/>\n<meta name=\"twitter:label1\" content=\"Written by\" \/>\n\t<meta name=\"twitter:data1\" content=\"Cari.az\" \/>\n\t<meta name=\"twitter:label2\" content=\"Est. reading time\" \/>\n\t<meta name=\"twitter:data2\" content=\"4 minutes\" \/>\n<script type=\"application\/ld+json\" class=\"yoast-schema-graph\">{\"@context\":\"https:\/\/schema.org\",\"@graph\":[{\"@type\":\"WebPage\",\"@id\":\"https:\/\/cari.az\/?p=7612\",\"url\":\"https:\/\/cari.az\/?p=7612\",\"name\":\"Q\u0259hr\u0259manl\u0131q tariximizin unudulmaz ad\u0131: Ya\u015far Ab\u0131\u015fov - Cari.az\",\"isPartOf\":{\"@id\":\"https:\/\/cari.az\/#website\"},\"primaryImageOfPage\":{\"@id\":\"https:\/\/cari.az\/?p=7612#primaryimage\"},\"image\":{\"@id\":\"https:\/\/cari.az\/?p=7612#primaryimage\"},\"thumbnailUrl\":\"https:\/\/cari.az\/wp-content\/uploads\/2026\/04\/IMG_7865.JPG.jpeg\",\"datePublished\":\"2026-04-29T09:26:23+00:00\",\"dateModified\":\"2026-04-29T09:26:24+00:00\",\"author\":{\"@id\":\"https:\/\/cari.az\/#\/schema\/person\/e62b6d8f24db7344f8b69bb0282c707f\"},\"breadcrumb\":{\"@id\":\"https:\/\/cari.az\/?p=7612#breadcrumb\"},\"inLanguage\":\"az\",\"potentialAction\":[{\"@type\":\"ReadAction\",\"target\":[\"https:\/\/cari.az\/?p=7612\"]}]},{\"@type\":\"ImageObject\",\"inLanguage\":\"az\",\"@id\":\"https:\/\/cari.az\/?p=7612#primaryimage\",\"url\":\"https:\/\/cari.az\/wp-content\/uploads\/2026\/04\/IMG_7865.JPG.jpeg\",\"contentUrl\":\"https:\/\/cari.az\/wp-content\/uploads\/2026\/04\/IMG_7865.JPG.jpeg\",\"width\":2148,\"height\":2134},{\"@type\":\"BreadcrumbList\",\"@id\":\"https:\/\/cari.az\/?p=7612#breadcrumb\",\"itemListElement\":[{\"@type\":\"ListItem\",\"position\":1,\"name\":\"Home\",\"item\":\"https:\/\/cari.az\/\"},{\"@type\":\"ListItem\",\"position\":2,\"name\":\"Q\u0259hr\u0259manl\u0131q tariximizin unudulmaz ad\u0131: Ya\u015far Ab\u0131\u015fov\"}]},{\"@type\":\"WebSite\",\"@id\":\"https:\/\/cari.az\/#website\",\"url\":\"https:\/\/cari.az\/\",\"name\":\"Cari.az\",\"description\":\"\",\"potentialAction\":[{\"@type\":\"SearchAction\",\"target\":{\"@type\":\"EntryPoint\",\"urlTemplate\":\"https:\/\/cari.az\/?s={search_term_string}\"},\"query-input\":\"required name=search_term_string\"}],\"inLanguage\":\"az\"},{\"@type\":\"Person\",\"@id\":\"https:\/\/cari.az\/#\/schema\/person\/e62b6d8f24db7344f8b69bb0282c707f\",\"name\":\"Cari.az\",\"image\":{\"@type\":\"ImageObject\",\"inLanguage\":\"az\",\"@id\":\"https:\/\/cari.az\/#\/schema\/person\/image\/\",\"url\":\"https:\/\/secure.gravatar.com\/avatar\/492c8073cb40378886b9f79931f7d2ff?s=96&d=mm&r=g\",\"contentUrl\":\"https:\/\/secure.gravatar.com\/avatar\/492c8073cb40378886b9f79931f7d2ff?s=96&d=mm&r=g\",\"caption\":\"Cari.az\"},\"sameAs\":[\"http:\/\/cari.az\"],\"url\":\"https:\/\/cari.az\/?author=1\"}]}<\/script>\n<!-- \/ Yoast SEO plugin. -->","yoast_head_json":{"title":"Q\u0259hr\u0259manl\u0131q tariximizin unudulmaz ad\u0131: Ya\u015far Ab\u0131\u015fov - Cari.az","robots":{"index":"index","follow":"follow","max-snippet":"max-snippet:-1","max-image-preview":"max-image-preview:large","max-video-preview":"max-video-preview:-1"},"canonical":"https:\/\/cari.az\/?p=7612","og_locale":"az_AZ","og_type":"article","og_title":"Q\u0259hr\u0259manl\u0131q tariximizin unudulmaz ad\u0131: Ya\u015far Ab\u0131\u015fov - Cari.az","og_description":"\u018fsrl\u0259r boyu xalq\u0131m\u0131z\u0131n \u00fczl\u0259\u015fdiyi yadelli i\u015f\u011fal\u00e7\u0131lara qar\u015f\u0131 m\u00fcbariz\u0259d\u0259 f\u0259rql\u0259n\u0259n, \u015f\u00fcca\u0259t g\u00f6st\u0259r\u0259n q\u0259hr\u0259manlar unudulmur, \u0259ksin\u0259 onlar\u0131n xatir\u0259si h\u0259r zaman","og_url":"https:\/\/cari.az\/?p=7612","og_site_name":"Cari.az","article_published_time":"2026-04-29T09:26:23+00:00","article_modified_time":"2026-04-29T09:26:24+00:00","og_image":[{"width":2148,"height":2134,"url":"http:\/\/cari.az\/wp-content\/uploads\/2026\/04\/IMG_7865.JPG.jpeg","type":"image\/jpeg"}],"author":"Cari.az","twitter_card":"summary_large_image","twitter_misc":{"Written by":"Cari.az","Est. reading time":"4 minutes"},"schema":{"@context":"https:\/\/schema.org","@graph":[{"@type":"WebPage","@id":"https:\/\/cari.az\/?p=7612","url":"https:\/\/cari.az\/?p=7612","name":"Q\u0259hr\u0259manl\u0131q tariximizin unudulmaz ad\u0131: Ya\u015far Ab\u0131\u015fov - Cari.az","isPartOf":{"@id":"https:\/\/cari.az\/#website"},"primaryImageOfPage":{"@id":"https:\/\/cari.az\/?p=7612#primaryimage"},"image":{"@id":"https:\/\/cari.az\/?p=7612#primaryimage"},"thumbnailUrl":"https:\/\/cari.az\/wp-content\/uploads\/2026\/04\/IMG_7865.JPG.jpeg","datePublished":"2026-04-29T09:26:23+00:00","dateModified":"2026-04-29T09:26:24+00:00","author":{"@id":"https:\/\/cari.az\/#\/schema\/person\/e62b6d8f24db7344f8b69bb0282c707f"},"breadcrumb":{"@id":"https:\/\/cari.az\/?p=7612#breadcrumb"},"inLanguage":"az","potentialAction":[{"@type":"ReadAction","target":["https:\/\/cari.az\/?p=7612"]}]},{"@type":"ImageObject","inLanguage":"az","@id":"https:\/\/cari.az\/?p=7612#primaryimage","url":"https:\/\/cari.az\/wp-content\/uploads\/2026\/04\/IMG_7865.JPG.jpeg","contentUrl":"https:\/\/cari.az\/wp-content\/uploads\/2026\/04\/IMG_7865.JPG.jpeg","width":2148,"height":2134},{"@type":"BreadcrumbList","@id":"https:\/\/cari.az\/?p=7612#breadcrumb","itemListElement":[{"@type":"ListItem","position":1,"name":"Home","item":"https:\/\/cari.az\/"},{"@type":"ListItem","position":2,"name":"Q\u0259hr\u0259manl\u0131q tariximizin unudulmaz ad\u0131: Ya\u015far Ab\u0131\u015fov"}]},{"@type":"WebSite","@id":"https:\/\/cari.az\/#website","url":"https:\/\/cari.az\/","name":"Cari.az","description":"","potentialAction":[{"@type":"SearchAction","target":{"@type":"EntryPoint","urlTemplate":"https:\/\/cari.az\/?s={search_term_string}"},"query-input":"required name=search_term_string"}],"inLanguage":"az"},{"@type":"Person","@id":"https:\/\/cari.az\/#\/schema\/person\/e62b6d8f24db7344f8b69bb0282c707f","name":"Cari.az","image":{"@type":"ImageObject","inLanguage":"az","@id":"https:\/\/cari.az\/#\/schema\/person\/image\/","url":"https:\/\/secure.gravatar.com\/avatar\/492c8073cb40378886b9f79931f7d2ff?s=96&d=mm&r=g","contentUrl":"https:\/\/secure.gravatar.com\/avatar\/492c8073cb40378886b9f79931f7d2ff?s=96&d=mm&r=g","caption":"Cari.az"},"sameAs":["http:\/\/cari.az"],"url":"https:\/\/cari.az\/?author=1"}]}},"_links":{"self":[{"href":"https:\/\/cari.az\/index.php?rest_route=\/wp\/v2\/posts\/7612"}],"collection":[{"href":"https:\/\/cari.az\/index.php?rest_route=\/wp\/v2\/posts"}],"about":[{"href":"https:\/\/cari.az\/index.php?rest_route=\/wp\/v2\/types\/post"}],"author":[{"embeddable":true,"href":"https:\/\/cari.az\/index.php?rest_route=\/wp\/v2\/users\/1"}],"replies":[{"embeddable":true,"href":"https:\/\/cari.az\/index.php?rest_route=%2Fwp%2Fv2%2Fcomments&post=7612"}],"version-history":[{"count":1,"href":"https:\/\/cari.az\/index.php?rest_route=\/wp\/v2\/posts\/7612\/revisions"}],"predecessor-version":[{"id":7614,"href":"https:\/\/cari.az\/index.php?rest_route=\/wp\/v2\/posts\/7612\/revisions\/7614"}],"wp:featuredmedia":[{"embeddable":true,"href":"https:\/\/cari.az\/index.php?rest_route=\/wp\/v2\/media\/7613"}],"wp:attachment":[{"href":"https:\/\/cari.az\/index.php?rest_route=%2Fwp%2Fv2%2Fmedia&parent=7612"}],"wp:term":[{"taxonomy":"category","embeddable":true,"href":"https:\/\/cari.az\/index.php?rest_route=%2Fwp%2Fv2%2Fcategories&post=7612"},{"taxonomy":"post_tag","embeddable":true,"href":"https:\/\/cari.az\/index.php?rest_route=%2Fwp%2Fv2%2Ftags&post=7612"}],"curies":[{"name":"wp","href":"https:\/\/api.w.org\/{rel}","templated":true}]}}