{"id":7618,"date":"2026-04-30T18:12:22","date_gmt":"2026-04-30T14:12:22","guid":{"rendered":"https:\/\/cari.az\/?p=7618"},"modified":"2026-04-30T18:12:23","modified_gmt":"2026-04-30T14:12:23","slug":"az%c9%99rbaycan-cexiya-dialoqu-%c9%99m%c9%99kdasligi-gucl%c9%99ndirir","status":"publish","type":"post","link":"https:\/\/cari.az\/?p=7618","title":{"rendered":"Az\u0259rbaycan-\u00c7exiya dialoqu \u0259m\u0259kda\u015fl\u0131\u011f\u0131 g\u00fccl\u0259ndirir"},"content":{"rendered":"\n<p>Az\u0259rbaycan ikit\u0259r\u0259fli v\u0259 \u00e7oxt\u0259r\u0259fli m\u00fcst\u0259vid\u0259 t\u0259r\u0259fda\u015flarla qar\u015f\u0131l\u0131ql\u0131 faydal\u0131, b\u0259rab\u0259rh\u00fcquqlu v\u0259 uzunm\u00fcdd\u0259tli strateji maraqlara \u0259saslanan m\u00fcnasib\u0259tl\u0259rin qurulmas\u0131n\u0131 v\u0259 geni\u015fl\u0259nm\u0259sini \u00f6z siyas\u0259tinin prioritet istiqam\u0259tl\u0259rind\u0259n biri kimi m\u00fc\u0259yy\u0259nl\u0259\u015fdirib. Bu g\u00fcnl\u0259rd\u0259 dost \u00f6lk\u0259l\u0259rin liderl\u0259rinin Az\u0259rbaycana s\u0259f\u0259rl\u0259ri, apar\u0131lan m\u00fczakir\u0259l\u0259r, imzalanan s\u0259n\u0259dl\u0259r, ke\u00e7iril\u0259n biznes forumlar m\u00f6ht\u0259r\u0259m Prezidentimiz t\u0259r\u0259find\u0259n \u00f6t\u0259n ill\u0259r \u0259rzind\u0259 y\u00fcr\u00fcd\u00fcl\u0259n u\u011furlu siyas\u0259tin n\u0259tic\u0259sidir.<\/p>\n\n\n\n<p>Az\u0259rbaycana olan inam v\u0259 etibar\u0131n, \u0259ld\u0259 olunan t\u0259r\u0259qqinin t\u0259zah\u00fcr\u00fcd\u00fcr ki, \u00f6lk\u0259miz il\u0259 strateji t\u0259r\u0259fda\u015fl\u0131q \u0259laq\u0259l\u0259ri quran d\u00f6vl\u0259tl\u0259rin say\u0131 ild\u0259n-il\u0259 art\u0131r. Az\u0259rbaycan s\u00f6z\u00fcn\u0259 v\u0259 \u00f6hd\u0259likl\u0259rin\u0259 sadiq \u00f6lk\u0259 kimi beyn\u0259lxalq n\u00fcfuzunu daha da g\u00fccl\u0259ndirir. Eyni zamanda qeyd etm\u0259k laz\u0131md\u0131r ki, f\u0259al siyasi dialoq \u0259sas\u0131nda formala\u015fan t\u0259r\u0259fda\u015fl\u0131qlar enerji, n\u0259qliyyat, m\u00fcdafi\u0259 s\u0259nayesi, ticar\u0259t, investisiya, humanitar m\u00fcbadil\u0259 v\u0259 m\u0259d\u0259ni \u0259laq\u0259l\u0259ri \u0259hat\u0259 ed\u0259n \u00e7ox\u015fax\u0259li \u0259m\u0259kda\u015fl\u0131q g\u00fcnd\u0259liyi il\u0259 m\u00fc\u015fayi\u0259t olunur.<\/p>\n\n\n\n<p>Bu g\u00fcn Az\u0259rbaycan Avropa m\u0259kan\u0131nda etibarl\u0131 t\u0259r\u0259fda\u015f kimi g\u00fccl\u00fc m\u00f6vqe formala\u015fd\u0131r\u0131b. Bu bax\u0131mdan \u00c7exiya il\u0259 strateji t\u0259r\u0259fda\u015fl\u0131\u011fa \u0259saslanan m\u00fcnasib\u0259tl\u0259ri x\u00fcsusi qeyd etm\u0259k laz\u0131md\u0131r. F\u0259al siyasi t\u0259maslar \u0259m\u0259kda\u015fl\u0131\u011f\u0131n geni\u015fl\u0259ndirilm\u0259si, qar\u015f\u0131l\u0131ql\u0131 s\u0259rmay\u0259l\u0259rin t\u0259\u015fviqi v\u0259 konkret layih\u0259l\u0259rin realla\u015fd\u0131r\u0131lmas\u0131 \u00fc\u00e7\u00fcn \u0259lveri\u015fli z\u0259min yarad\u0131b. Q\u0259b\u0259l\u0259d\u0259 Az\u0259rbaycan Prezidenti v\u0259 \u00c7exiyan\u0131n Ba\u015f naziri aras\u0131nda ke\u00e7iril\u0259n g\u00f6r\u00fc\u015fl\u0259rd\u0259 d\u0259 birg\u0259 layih\u0259l\u0259rin realla\u015fd\u0131r\u0131lmas\u0131 il\u0259 ba\u011fl\u0131 m\u0259s\u0259l\u0259l\u0259r diqq\u0259t m\u0259rk\u0259zind\u0259 oldu.<\/p>\n\n\n\n<p>Bu g\u00fcn d\u00fcnyan\u0131n 16 \u00f6lk\u0259sin\u0259 qaz ixrac ed\u0259n Az\u0259rbaycan\u0131n \u00c7exiyaya qaz t\u0259dar\u00fck\u00fc imkanlar\u0131 da n\u0259z\u0259rd\u0259n ke\u00e7irildi. Qeyd ed\u0259k ki, \u00f6t\u0259n ill\u0259r \u0259rzind\u0259 enerji sah\u0259sind\u0259 \u00f6lk\u0259l\u0259rimiz aras\u0131nda s\u0259m\u0259r\u0259li \u0259m\u0259kda\u015fl\u0131q formala\u015f\u0131b, el\u0259c\u0259 d\u0259 Az\u0259rbaycan \u00c7exiyaya qon\u015fu olan \u00f6lk\u0259l\u0259r\u0259 t\u0259bii qaz ixrac edir.<\/p>\n\n\n\n<p>Az\u0259rbaycan bu g\u00fcn m\u00fcdafi\u0259 s\u0259nayesinin inki\u015faf\u0131na b\u00f6y\u00fck \u00f6n\u0259m verir. \u00c7exiya da bu sah\u0259d\u0259 b\u00f6y\u00fck t\u0259cr\u00fcb\u0259y\u0259 malikdir. Eyni zamanda m\u00fcdafi\u0259 s\u0259nayesi sah\u0259sind\u0259 \u0259m\u0259kda\u015fl\u0131q bu g\u00fcn\u00fcn reall\u0131qlar\u0131 fonunda x\u00fcsusil\u0259 aktuald\u0131r. Bu bax\u0131mdan Az\u0259rbaycan v\u0259 \u00c7exiya liderl\u0259rinin birg\u0259 g\u00f6r\u00fc\u015f\u00fcnd\u0259 istehsal v\u0259 texnoloji \u0259m\u0259kda\u015fl\u0131q imkanlar\u0131n\u0131n m\u00fczakir\u0259si g\u00f6st\u0259rir ki, bu istiqam\u0259t yaln\u0131z m\u00f6vcud \u0259m\u0259kda\u015fl\u0131\u011f\u0131n davam\u0131 deyil, eyni zamanda g\u0259l\u0259c\u0259k \u00fc\u00e7\u00fcn b\u00f6y\u00fck inki\u015faf potensial\u0131na malik strateji sah\u0259dir.<\/p>\n\n\n\n<p>\u00dcmumilikd\u0259, Az\u0259rbaycan-\u00c7exiya \u0259m\u0259kda\u015fl\u0131\u011f\u0131n\u0131n f\u0259al siyasi dialoq \u0259sas\u0131nda geni\u015fl\u0259ndirilm\u0259si \u00fc\u00e7\u00fcn b\u00f6y\u00fck potensial m\u00f6vcuddur. Prezident \u0130lham \u018fliyevin v\u0259 Ba\u015f nazir Andrey Babi\u015fin i\u015ftirak\u0131 il\u0259 ke\u00e7iril\u0259n biznes forum da \u0259m\u0259kda\u015fl\u0131\u011f\u0131n m\u00fc\u0259yy\u0259nl\u0259\u015fdiril\u0259n istiqam\u0259tl\u0259r \u00fczr\u0259 d\u0259rinl\u0259\u015fm\u0259sin\u0259 xidm\u0259t ed\u0259c\u0259k.<br><br><strong>\u015eahin \u0130smay\u0131lov,<br>G\u0259ncl\u0259r v\u0259 idman komit\u0259sinin s\u0259dri&nbsp;<\/strong><\/p>\n","protected":false},"excerpt":{"rendered":"<p>Az\u0259rbaycan ikit\u0259r\u0259fli v\u0259 \u00e7oxt\u0259r\u0259fli m\u00fcst\u0259vid\u0259 t\u0259r\u0259fda\u015flarla qar\u015f\u0131l\u0131ql\u0131 faydal\u0131, b\u0259rab\u0259rh\u00fcquqlu v\u0259 uzunm\u00fcdd\u0259tli strateji maraqlara \u0259saslanan m\u00fcnasib\u0259tl\u0259rin qurulmas\u0131n\u0131 v\u0259 geni\u015fl\u0259nm\u0259sini<\/p>\n","protected":false},"author":1,"featured_media":5506,"comment_status":"open","ping_status":"open","sticky":false,"template":"","format":"standard","meta":{"_coblocks_attr":"","_coblocks_dimensions":"","_coblocks_responsive_height":"","_coblocks_accordion_ie_support":"","footnotes":""},"categories":[5],"tags":[],"yoast_head":"<!-- This site is optimized with the Yoast SEO plugin v22.6 - https:\/\/yoast.com\/wordpress\/plugins\/seo\/ -->\n<title>Az\u0259rbaycan-\u00c7exiya dialoqu \u0259m\u0259kda\u015fl\u0131\u011f\u0131 g\u00fccl\u0259ndirir - Cari.az<\/title>\n<meta name=\"robots\" content=\"index, follow, max-snippet:-1, max-image-preview:large, max-video-preview:-1\" \/>\n<link rel=\"canonical\" href=\"https:\/\/cari.az\/?p=7618\" \/>\n<meta property=\"og:locale\" content=\"az_AZ\" \/>\n<meta property=\"og:type\" content=\"article\" \/>\n<meta property=\"og:title\" content=\"Az\u0259rbaycan-\u00c7exiya dialoqu \u0259m\u0259kda\u015fl\u0131\u011f\u0131 g\u00fccl\u0259ndirir - Cari.az\" \/>\n<meta property=\"og:description\" content=\"Az\u0259rbaycan ikit\u0259r\u0259fli v\u0259 \u00e7oxt\u0259r\u0259fli m\u00fcst\u0259vid\u0259 t\u0259r\u0259fda\u015flarla qar\u015f\u0131l\u0131ql\u0131 faydal\u0131, b\u0259rab\u0259rh\u00fcquqlu v\u0259 uzunm\u00fcdd\u0259tli strateji maraqlara \u0259saslanan m\u00fcnasib\u0259tl\u0259rin qurulmas\u0131n\u0131 v\u0259 geni\u015fl\u0259nm\u0259sini\" \/>\n<meta property=\"og:url\" content=\"https:\/\/cari.az\/?p=7618\" \/>\n<meta property=\"og:site_name\" content=\"Cari.az\" \/>\n<meta property=\"article:published_time\" content=\"2026-04-30T14:12:22+00:00\" \/>\n<meta property=\"article:modified_time\" content=\"2026-04-30T14:12:23+00:00\" \/>\n<meta property=\"og:image\" content=\"http:\/\/cari.az\/wp-content\/uploads\/2024\/12\/Sahin-Ismayilov-deputat.jpeg\" \/>\n\t<meta property=\"og:image:width\" content=\"1600\" \/>\n\t<meta property=\"og:image:height\" content=\"1066\" \/>\n\t<meta property=\"og:image:type\" content=\"image\/jpeg\" \/>\n<meta name=\"author\" content=\"Cari.az\" \/>\n<meta name=\"twitter:card\" content=\"summary_large_image\" \/>\n<meta name=\"twitter:label1\" content=\"Written by\" \/>\n\t<meta name=\"twitter:data1\" content=\"Cari.az\" \/>\n\t<meta name=\"twitter:label2\" content=\"Est. reading time\" \/>\n\t<meta name=\"twitter:data2\" content=\"2 minutes\" \/>\n<script type=\"application\/ld+json\" class=\"yoast-schema-graph\">{\"@context\":\"https:\/\/schema.org\",\"@graph\":[{\"@type\":\"WebPage\",\"@id\":\"https:\/\/cari.az\/?p=7618\",\"url\":\"https:\/\/cari.az\/?p=7618\",\"name\":\"Az\u0259rbaycan-\u00c7exiya dialoqu \u0259m\u0259kda\u015fl\u0131\u011f\u0131 g\u00fccl\u0259ndirir - Cari.az\",\"isPartOf\":{\"@id\":\"https:\/\/cari.az\/#website\"},\"primaryImageOfPage\":{\"@id\":\"https:\/\/cari.az\/?p=7618#primaryimage\"},\"image\":{\"@id\":\"https:\/\/cari.az\/?p=7618#primaryimage\"},\"thumbnailUrl\":\"https:\/\/cari.az\/wp-content\/uploads\/2024\/12\/Sahin-Ismayilov-deputat.jpeg\",\"datePublished\":\"2026-04-30T14:12:22+00:00\",\"dateModified\":\"2026-04-30T14:12:23+00:00\",\"author\":{\"@id\":\"https:\/\/cari.az\/#\/schema\/person\/e62b6d8f24db7344f8b69bb0282c707f\"},\"breadcrumb\":{\"@id\":\"https:\/\/cari.az\/?p=7618#breadcrumb\"},\"inLanguage\":\"az\",\"potentialAction\":[{\"@type\":\"ReadAction\",\"target\":[\"https:\/\/cari.az\/?p=7618\"]}]},{\"@type\":\"ImageObject\",\"inLanguage\":\"az\",\"@id\":\"https:\/\/cari.az\/?p=7618#primaryimage\",\"url\":\"https:\/\/cari.az\/wp-content\/uploads\/2024\/12\/Sahin-Ismayilov-deputat.jpeg\",\"contentUrl\":\"https:\/\/cari.az\/wp-content\/uploads\/2024\/12\/Sahin-Ismayilov-deputat.jpeg\",\"width\":1600,\"height\":1066},{\"@type\":\"BreadcrumbList\",\"@id\":\"https:\/\/cari.az\/?p=7618#breadcrumb\",\"itemListElement\":[{\"@type\":\"ListItem\",\"position\":1,\"name\":\"Home\",\"item\":\"https:\/\/cari.az\/\"},{\"@type\":\"ListItem\",\"position\":2,\"name\":\"Az\u0259rbaycan-\u00c7exiya dialoqu \u0259m\u0259kda\u015fl\u0131\u011f\u0131 g\u00fccl\u0259ndirir\"}]},{\"@type\":\"WebSite\",\"@id\":\"https:\/\/cari.az\/#website\",\"url\":\"https:\/\/cari.az\/\",\"name\":\"Cari.az\",\"description\":\"\",\"potentialAction\":[{\"@type\":\"SearchAction\",\"target\":{\"@type\":\"EntryPoint\",\"urlTemplate\":\"https:\/\/cari.az\/?s={search_term_string}\"},\"query-input\":\"required name=search_term_string\"}],\"inLanguage\":\"az\"},{\"@type\":\"Person\",\"@id\":\"https:\/\/cari.az\/#\/schema\/person\/e62b6d8f24db7344f8b69bb0282c707f\",\"name\":\"Cari.az\",\"image\":{\"@type\":\"ImageObject\",\"inLanguage\":\"az\",\"@id\":\"https:\/\/cari.az\/#\/schema\/person\/image\/\",\"url\":\"https:\/\/secure.gravatar.com\/avatar\/492c8073cb40378886b9f79931f7d2ff?s=96&d=mm&r=g\",\"contentUrl\":\"https:\/\/secure.gravatar.com\/avatar\/492c8073cb40378886b9f79931f7d2ff?s=96&d=mm&r=g\",\"caption\":\"Cari.az\"},\"sameAs\":[\"http:\/\/cari.az\"],\"url\":\"https:\/\/cari.az\/?author=1\"}]}<\/script>\n<!-- \/ Yoast SEO plugin. -->","yoast_head_json":{"title":"Az\u0259rbaycan-\u00c7exiya dialoqu \u0259m\u0259kda\u015fl\u0131\u011f\u0131 g\u00fccl\u0259ndirir - Cari.az","robots":{"index":"index","follow":"follow","max-snippet":"max-snippet:-1","max-image-preview":"max-image-preview:large","max-video-preview":"max-video-preview:-1"},"canonical":"https:\/\/cari.az\/?p=7618","og_locale":"az_AZ","og_type":"article","og_title":"Az\u0259rbaycan-\u00c7exiya dialoqu \u0259m\u0259kda\u015fl\u0131\u011f\u0131 g\u00fccl\u0259ndirir - Cari.az","og_description":"Az\u0259rbaycan ikit\u0259r\u0259fli v\u0259 \u00e7oxt\u0259r\u0259fli m\u00fcst\u0259vid\u0259 t\u0259r\u0259fda\u015flarla qar\u015f\u0131l\u0131ql\u0131 faydal\u0131, b\u0259rab\u0259rh\u00fcquqlu v\u0259 uzunm\u00fcdd\u0259tli strateji maraqlara \u0259saslanan m\u00fcnasib\u0259tl\u0259rin qurulmas\u0131n\u0131 v\u0259 geni\u015fl\u0259nm\u0259sini","og_url":"https:\/\/cari.az\/?p=7618","og_site_name":"Cari.az","article_published_time":"2026-04-30T14:12:22+00:00","article_modified_time":"2026-04-30T14:12:23+00:00","og_image":[{"width":1600,"height":1066,"url":"http:\/\/cari.az\/wp-content\/uploads\/2024\/12\/Sahin-Ismayilov-deputat.jpeg","type":"image\/jpeg"}],"author":"Cari.az","twitter_card":"summary_large_image","twitter_misc":{"Written by":"Cari.az","Est. reading time":"2 minutes"},"schema":{"@context":"https:\/\/schema.org","@graph":[{"@type":"WebPage","@id":"https:\/\/cari.az\/?p=7618","url":"https:\/\/cari.az\/?p=7618","name":"Az\u0259rbaycan-\u00c7exiya dialoqu \u0259m\u0259kda\u015fl\u0131\u011f\u0131 g\u00fccl\u0259ndirir - Cari.az","isPartOf":{"@id":"https:\/\/cari.az\/#website"},"primaryImageOfPage":{"@id":"https:\/\/cari.az\/?p=7618#primaryimage"},"image":{"@id":"https:\/\/cari.az\/?p=7618#primaryimage"},"thumbnailUrl":"https:\/\/cari.az\/wp-content\/uploads\/2024\/12\/Sahin-Ismayilov-deputat.jpeg","datePublished":"2026-04-30T14:12:22+00:00","dateModified":"2026-04-30T14:12:23+00:00","author":{"@id":"https:\/\/cari.az\/#\/schema\/person\/e62b6d8f24db7344f8b69bb0282c707f"},"breadcrumb":{"@id":"https:\/\/cari.az\/?p=7618#breadcrumb"},"inLanguage":"az","potentialAction":[{"@type":"ReadAction","target":["https:\/\/cari.az\/?p=7618"]}]},{"@type":"ImageObject","inLanguage":"az","@id":"https:\/\/cari.az\/?p=7618#primaryimage","url":"https:\/\/cari.az\/wp-content\/uploads\/2024\/12\/Sahin-Ismayilov-deputat.jpeg","contentUrl":"https:\/\/cari.az\/wp-content\/uploads\/2024\/12\/Sahin-Ismayilov-deputat.jpeg","width":1600,"height":1066},{"@type":"BreadcrumbList","@id":"https:\/\/cari.az\/?p=7618#breadcrumb","itemListElement":[{"@type":"ListItem","position":1,"name":"Home","item":"https:\/\/cari.az\/"},{"@type":"ListItem","position":2,"name":"Az\u0259rbaycan-\u00c7exiya dialoqu \u0259m\u0259kda\u015fl\u0131\u011f\u0131 g\u00fccl\u0259ndirir"}]},{"@type":"WebSite","@id":"https:\/\/cari.az\/#website","url":"https:\/\/cari.az\/","name":"Cari.az","description":"","potentialAction":[{"@type":"SearchAction","target":{"@type":"EntryPoint","urlTemplate":"https:\/\/cari.az\/?s={search_term_string}"},"query-input":"required name=search_term_string"}],"inLanguage":"az"},{"@type":"Person","@id":"https:\/\/cari.az\/#\/schema\/person\/e62b6d8f24db7344f8b69bb0282c707f","name":"Cari.az","image":{"@type":"ImageObject","inLanguage":"az","@id":"https:\/\/cari.az\/#\/schema\/person\/image\/","url":"https:\/\/secure.gravatar.com\/avatar\/492c8073cb40378886b9f79931f7d2ff?s=96&d=mm&r=g","contentUrl":"https:\/\/secure.gravatar.com\/avatar\/492c8073cb40378886b9f79931f7d2ff?s=96&d=mm&r=g","caption":"Cari.az"},"sameAs":["http:\/\/cari.az"],"url":"https:\/\/cari.az\/?author=1"}]}},"_links":{"self":[{"href":"https:\/\/cari.az\/index.php?rest_route=\/wp\/v2\/posts\/7618"}],"collection":[{"href":"https:\/\/cari.az\/index.php?rest_route=\/wp\/v2\/posts"}],"about":[{"href":"https:\/\/cari.az\/index.php?rest_route=\/wp\/v2\/types\/post"}],"author":[{"embeddable":true,"href":"https:\/\/cari.az\/index.php?rest_route=\/wp\/v2\/users\/1"}],"replies":[{"embeddable":true,"href":"https:\/\/cari.az\/index.php?rest_route=%2Fwp%2Fv2%2Fcomments&post=7618"}],"version-history":[{"count":1,"href":"https:\/\/cari.az\/index.php?rest_route=\/wp\/v2\/posts\/7618\/revisions"}],"predecessor-version":[{"id":7619,"href":"https:\/\/cari.az\/index.php?rest_route=\/wp\/v2\/posts\/7618\/revisions\/7619"}],"wp:featuredmedia":[{"embeddable":true,"href":"https:\/\/cari.az\/index.php?rest_route=\/wp\/v2\/media\/5506"}],"wp:attachment":[{"href":"https:\/\/cari.az\/index.php?rest_route=%2Fwp%2Fv2%2Fmedia&parent=7618"}],"wp:term":[{"taxonomy":"category","embeddable":true,"href":"https:\/\/cari.az\/index.php?rest_route=%2Fwp%2Fv2%2Fcategories&post=7618"},{"taxonomy":"post_tag","embeddable":true,"href":"https:\/\/cari.az\/index.php?rest_route=%2Fwp%2Fv2%2Ftags&post=7618"}],"curies":[{"name":"wp","href":"https:\/\/api.w.org\/{rel}","templated":true}]}}