{"id":7621,"date":"2026-04-30T19:04:00","date_gmt":"2026-04-30T15:04:00","guid":{"rendered":"https:\/\/cari.az\/?p=7621"},"modified":"2026-04-30T19:04:02","modified_gmt":"2026-04-30T15:04:02","slug":"boyuk-idman-ugurlarinin-t%c9%99m%c9%99lind%c9%99-ardicil-dovl%c9%99t-siyas%c9%99ti-dayanir","status":"publish","type":"post","link":"https:\/\/cari.az\/?p=7621","title":{"rendered":"B\u00f6y\u00fck idman u\u011furlar\u0131n\u0131n t\u0259m\u0259lind\u0259 ard\u0131c\u0131l d\u00f6vl\u0259t siyas\u0259ti dayan\u0131r"},"content":{"rendered":"\n<p>\u0130ctimai h\u0259yat\u0131n b\u00fct\u00fcn sah\u0259l\u0259rind\u0259 oldu\u011fu kimi, idmanda qazan\u0131lan u\u011furlar da yaln\u0131z o zaman davaml\u0131 xarakter da\u015f\u0131y\u0131r ki, idman\u00e7\u0131 d\u00f6vl\u0259tin qay\u011f\u0131s\u0131 il\u0259 \u0259hat\u0259 olunur. O, m\u0259\u015fq\u00e7il\u0259ri v\u0259 texniki hey\u0259tl\u0259 bir yerd\u0259 g\u00f6r\u0259nd\u0259 ki, \u00e7\u0259kdiyi z\u0259hm\u0259t\u0259, qazand\u0131\u011f\u0131 nailiyy\u0259t\u0259 t\u0259kc\u0259 do\u011fmalar\u0131 v\u0259 yax\u0131nlar\u0131 deyil, D\u00f6vl\u0259ti d\u0259 \u0259n ali s\u0259viyy\u0259d\u0259 d\u0259y\u0259r verir, b\u00fct\u00f6vl\u00fckd\u0259 c\u0259miyy\u0259t onunla q\u00fcrur duyur, idman\u00e7\u0131 bu halda n\u00f6vb\u0259ti q\u0259l\u0259b\u0259l\u0259r\u0259 ruhlan\u0131r.<\/p>\n\n\n\n<p>\u00d6t\u0259n il Az\u0259rbaycan idman\u00e7\u0131lar\u0131n\u0131n beyn\u0259lxalq yar\u0131\u015flarda qazand\u0131\u011f\u0131 iki min medal\u0131n 600-d\u0259n \u00e7oxunun m\u0259hz q\u0131z\u0131l olmas\u0131 o dem\u0259kdir ki, t\u0259ltifetm\u0259 m\u0259rasiml\u0259rinin h\u0259r birind\u0259 D\u00f6vl\u0259timizin Himni s\u0259sl\u0259ndirilib, Az\u0259rbaycan\u0131n D\u00f6vl\u0259t Bayra\u011f\u0131n\u0131 f\u0259rqli mill\u0259tl\u0259rd\u0259n olan azarke\u015fl\u0259r ayaq\u00fcst\u0259 alq\u0131\u015flay\u0131b. B\u00fct\u00fcn bu u\u011furlar\u0131n t\u0259m\u0259lind\u0259 idman\u0131n inki\u015faf\u0131 il\u0259 ba\u011fl\u0131 ard\u0131c\u0131l d\u00f6vl\u0259t siyas\u0259ti v\u0259 h\u0259rt\u0259r\u0259fli qay\u011f\u0131s\u0131 dayan\u0131r. \u018fn ba\u015fl\u0131cas\u0131, idman\u00e7\u0131lar\u0131m\u0131z art\u0131q yax\u015f\u0131 bilirl\u0259r ki, qalib D\u00f6vl\u0259tin v\u0259 qalib Xalq\u0131n t\u0259msil\u00e7isi kimi indi daha b\u00f6y\u00fck m\u0259suliyy\u0259t da\u015f\u0131y\u0131rlar.<\/p>\n\n\n\n<p>Bir ne\u00e7\u0259 g\u00fcn \u0259vv\u0259l Albaniyan\u0131n paytaxt\u0131 Tiranada ke\u00e7irilmi\u015f yunan-Roma g\u00fcl\u0259\u015fi v\u0259 s\u0259rb\u0259st g\u00fcl\u0259\u015f \u00fczr\u0259 Avropa \u00e7empionat\u0131nda milli komandam\u0131z\u0131n birinci olmas\u0131 el\u0259 bu s\u0259b\u0259bd\u0259n x\u00fcsusil\u0259 q\u00fcrurvericidir. Prezident \u0130lham \u018fliyevin idman\u00e7\u0131 v\u0259 m\u0259\u015fq\u00e7il\u0259ri \u015f\u0259xs\u0259n q\u0259bul etm\u0259si h\u0259m d\u0259 o dem\u0259kdir ki, h\u0259tta d\u00f6vr\u00fcm\u00fcz\u00fcn m\u00fcr\u0259kk\u0259b \u00e7a\u011f\u0131r\u0131\u015flar\u0131 v\u0259 bundan ir\u0259li g\u0259l\u0259n vaxt m\u0259hdudlu\u011fu bel\u0259, Prezidentin c\u0259miyy\u0259tin ayr\u0131lmaz hiss\u0259si-idman ictimaiyy\u0259ti il\u0259 m\u00fct\u0259madi g\u00f6r\u00fc\u015fl\u0259rin\u0259 mane olmur.<\/p>\n\n\n\n<p>Bu \u0259n\u0259n\u0259nin v\u0259 Az\u0259rbaycan\u0131n b\u00f6y\u00fck idman \u00f6lk\u0259si kimi t\u0259\u015f\u0259kk\u00fcl tapmas\u0131 siyas\u0259tinin d\u0259 \u0259sas\u0131n\u0131 qoyan \u00dcmummilli Lider Heyd\u0259r \u018fliyev vaxtil\u0259 bel\u0259 demi\u015fdi: \u201c\u0130dman kimi Az\u0259rbaycan\u0131n m\u00fcst\u0259qilliyinin r\u0259mzl\u0259rini n\u00fcmayi\u015f etdir\u0259n ikinci bir vasit\u0259 yoxdur\u201d. Prezident \u0130lham \u018fliyevin g\u00fcl\u0259\u015f\u00e7il\u0259rl\u0259 g\u00f6r\u00fc\u015f\u00fc zaman\u0131 s\u0259sl\u0259ndirdiyi bu a\u00e7\u0131qlama is\u0259 ictimai d\u0259y\u0259rl\u0259r\u0259 yana\u015fmada m\u00f6vqe ard\u0131c\u0131ll\u0131\u011f\u0131n\u0131n, idman v\u0259 idman\u00e7\u0131larla ba\u011fl\u0131 fikir b\u00fct\u00f6vl\u00fcy\u00fcn\u00fcn, d\u0259yi\u015fm\u0259z d\u00f6vl\u0259t siyas\u0259tinin t\u0259sdiqidir: \u201cH\u0259r d\u0259f\u0259 beyn\u0259lxalq yar\u0131\u015flarda bizim bayra\u011f\u0131m\u0131z qald\u0131r\u0131landa b\u00fct\u00fcn Az\u0259rbaycan xalq\u0131 q\u00fcrur hissi ke\u00e7irir, sevinir. Bu q\u0259l\u0259b\u0259 sevincini idman\u00e7\u0131lar\u0131m\u0131z xalq\u0131m\u0131za b\u0259x\u015f edir v\u0259 bu da \u00f6z n\u00f6vb\u0259sind\u0259 g\u0259nc n\u0259sli v\u0259t\u0259np\u0259rv\u0259rlik ruhunda t\u0259rbiy\u0259 etm\u0259k \u00fc\u00e7\u00fcn \u00e7ox \u00f6n\u0259mli amildir. \u0130dman, \u00fcmumiyy\u0259tl\u0259, c\u0259miyy\u0259timizin ayr\u0131lmaz hiss\u0259sidir v\u0259 x\u00fcsusil\u0259 son ill\u0259r \u0259rzind\u0259 idmanda ged\u0259n m\u00fcsb\u0259t prosesl\u0259r, \u0259lb\u0259tt\u0259 ki, ham\u0131m\u0131z\u0131 sevindirir\u201d.<\/p>\n\n\n\n<p>Bu b\u00f6y\u00fck sevinci Az\u0259rbaycan Karate Federasiyas\u0131 da s\u0259mimi-q\u0259lbd\u0259n b\u00f6l\u00fc\u015f\u00fcr, g\u00fcl\u0259\u015f\u00e7il\u0259rimizi, m\u0259\u015fq\u00e7i v\u0259 texniki hey\u0259ti, G\u00fcl\u0259\u015f Federasiyas\u0131n\u0131, G\u0259ncl\u0259r v\u0259 \u0130dman Nazirliyini bir daha t\u0259brik edir, g\u0259l\u0259c\u0259k f\u0259aliyy\u0259tl\u0259rind\u0259 yeni-yeni u\u011furlar arzulay\u0131r\u0131q.<\/p>\n\n\n\n<p><strong>\u00dclvi Quliyev,&nbsp;<\/strong><\/p>\n\n\n\n<p><strong>Milli M\u0259clisin deputat\u0131,<\/strong><\/p>\n\n\n\n<p><strong>Az\u0259rbaycan Karate Federasiyas\u0131n\u0131n prezidenti<\/strong><\/p>\n","protected":false},"excerpt":{"rendered":"<p>\u0130ctimai h\u0259yat\u0131n b\u00fct\u00fcn sah\u0259l\u0259rind\u0259 oldu\u011fu kimi, idmanda qazan\u0131lan u\u011furlar da yaln\u0131z o zaman davaml\u0131 xarakter da\u015f\u0131y\u0131r ki, idman\u00e7\u0131<\/p>\n","protected":false},"author":1,"featured_media":7622,"comment_status":"open","ping_status":"open","sticky":false,"template":"","format":"standard","meta":{"_coblocks_attr":"","_coblocks_dimensions":"","_coblocks_responsive_height":"","_coblocks_accordion_ie_support":"","footnotes":""},"categories":[5],"tags":[],"yoast_head":"<!-- This site is optimized with the Yoast SEO plugin v22.6 - https:\/\/yoast.com\/wordpress\/plugins\/seo\/ -->\n<title>B\u00f6y\u00fck idman u\u011furlar\u0131n\u0131n t\u0259m\u0259lind\u0259 ard\u0131c\u0131l d\u00f6vl\u0259t siyas\u0259ti dayan\u0131r - Cari.az<\/title>\n<meta name=\"robots\" content=\"index, follow, max-snippet:-1, max-image-preview:large, max-video-preview:-1\" \/>\n<link rel=\"canonical\" href=\"https:\/\/cari.az\/?p=7621\" \/>\n<meta property=\"og:locale\" content=\"az_AZ\" \/>\n<meta property=\"og:type\" content=\"article\" \/>\n<meta property=\"og:title\" content=\"B\u00f6y\u00fck idman u\u011furlar\u0131n\u0131n t\u0259m\u0259lind\u0259 ard\u0131c\u0131l d\u00f6vl\u0259t siyas\u0259ti dayan\u0131r - Cari.az\" \/>\n<meta property=\"og:description\" content=\"\u0130ctimai h\u0259yat\u0131n b\u00fct\u00fcn sah\u0259l\u0259rind\u0259 oldu\u011fu kimi, idmanda qazan\u0131lan u\u011furlar da yaln\u0131z o zaman davaml\u0131 xarakter da\u015f\u0131y\u0131r ki, idman\u00e7\u0131\" \/>\n<meta property=\"og:url\" content=\"https:\/\/cari.az\/?p=7621\" \/>\n<meta property=\"og:site_name\" content=\"Cari.az\" \/>\n<meta property=\"article:published_time\" content=\"2026-04-30T15:04:00+00:00\" \/>\n<meta property=\"article:modified_time\" content=\"2026-04-30T15:04:02+00:00\" \/>\n<meta property=\"og:image\" content=\"http:\/\/cari.az\/wp-content\/uploads\/2026\/04\/ulviquliyev.jpg\" \/>\n\t<meta property=\"og:image:width\" content=\"700\" \/>\n\t<meta property=\"og:image:height\" content=\"459\" \/>\n\t<meta property=\"og:image:type\" content=\"image\/jpeg\" \/>\n<meta name=\"author\" content=\"Cari.az\" \/>\n<meta name=\"twitter:card\" content=\"summary_large_image\" \/>\n<meta name=\"twitter:label1\" content=\"Written by\" \/>\n\t<meta name=\"twitter:data1\" content=\"Cari.az\" \/>\n\t<meta name=\"twitter:label2\" content=\"Est. reading time\" \/>\n\t<meta name=\"twitter:data2\" content=\"3 minutes\" \/>\n<script type=\"application\/ld+json\" class=\"yoast-schema-graph\">{\"@context\":\"https:\/\/schema.org\",\"@graph\":[{\"@type\":\"WebPage\",\"@id\":\"https:\/\/cari.az\/?p=7621\",\"url\":\"https:\/\/cari.az\/?p=7621\",\"name\":\"B\u00f6y\u00fck idman u\u011furlar\u0131n\u0131n t\u0259m\u0259lind\u0259 ard\u0131c\u0131l d\u00f6vl\u0259t siyas\u0259ti dayan\u0131r - Cari.az\",\"isPartOf\":{\"@id\":\"https:\/\/cari.az\/#website\"},\"primaryImageOfPage\":{\"@id\":\"https:\/\/cari.az\/?p=7621#primaryimage\"},\"image\":{\"@id\":\"https:\/\/cari.az\/?p=7621#primaryimage\"},\"thumbnailUrl\":\"https:\/\/cari.az\/wp-content\/uploads\/2026\/04\/ulviquliyev.jpg\",\"datePublished\":\"2026-04-30T15:04:00+00:00\",\"dateModified\":\"2026-04-30T15:04:02+00:00\",\"author\":{\"@id\":\"https:\/\/cari.az\/#\/schema\/person\/e62b6d8f24db7344f8b69bb0282c707f\"},\"breadcrumb\":{\"@id\":\"https:\/\/cari.az\/?p=7621#breadcrumb\"},\"inLanguage\":\"az\",\"potentialAction\":[{\"@type\":\"ReadAction\",\"target\":[\"https:\/\/cari.az\/?p=7621\"]}]},{\"@type\":\"ImageObject\",\"inLanguage\":\"az\",\"@id\":\"https:\/\/cari.az\/?p=7621#primaryimage\",\"url\":\"https:\/\/cari.az\/wp-content\/uploads\/2026\/04\/ulviquliyev.jpg\",\"contentUrl\":\"https:\/\/cari.az\/wp-content\/uploads\/2026\/04\/ulviquliyev.jpg\",\"width\":700,\"height\":459},{\"@type\":\"BreadcrumbList\",\"@id\":\"https:\/\/cari.az\/?p=7621#breadcrumb\",\"itemListElement\":[{\"@type\":\"ListItem\",\"position\":1,\"name\":\"Home\",\"item\":\"https:\/\/cari.az\/\"},{\"@type\":\"ListItem\",\"position\":2,\"name\":\"B\u00f6y\u00fck idman u\u011furlar\u0131n\u0131n t\u0259m\u0259lind\u0259 ard\u0131c\u0131l d\u00f6vl\u0259t siyas\u0259ti dayan\u0131r\"}]},{\"@type\":\"WebSite\",\"@id\":\"https:\/\/cari.az\/#website\",\"url\":\"https:\/\/cari.az\/\",\"name\":\"Cari.az\",\"description\":\"\",\"potentialAction\":[{\"@type\":\"SearchAction\",\"target\":{\"@type\":\"EntryPoint\",\"urlTemplate\":\"https:\/\/cari.az\/?s={search_term_string}\"},\"query-input\":\"required name=search_term_string\"}],\"inLanguage\":\"az\"},{\"@type\":\"Person\",\"@id\":\"https:\/\/cari.az\/#\/schema\/person\/e62b6d8f24db7344f8b69bb0282c707f\",\"name\":\"Cari.az\",\"image\":{\"@type\":\"ImageObject\",\"inLanguage\":\"az\",\"@id\":\"https:\/\/cari.az\/#\/schema\/person\/image\/\",\"url\":\"https:\/\/secure.gravatar.com\/avatar\/492c8073cb40378886b9f79931f7d2ff?s=96&d=mm&r=g\",\"contentUrl\":\"https:\/\/secure.gravatar.com\/avatar\/492c8073cb40378886b9f79931f7d2ff?s=96&d=mm&r=g\",\"caption\":\"Cari.az\"},\"sameAs\":[\"http:\/\/cari.az\"],\"url\":\"https:\/\/cari.az\/?author=1\"}]}<\/script>\n<!-- \/ Yoast SEO plugin. -->","yoast_head_json":{"title":"B\u00f6y\u00fck idman u\u011furlar\u0131n\u0131n t\u0259m\u0259lind\u0259 ard\u0131c\u0131l d\u00f6vl\u0259t siyas\u0259ti dayan\u0131r - Cari.az","robots":{"index":"index","follow":"follow","max-snippet":"max-snippet:-1","max-image-preview":"max-image-preview:large","max-video-preview":"max-video-preview:-1"},"canonical":"https:\/\/cari.az\/?p=7621","og_locale":"az_AZ","og_type":"article","og_title":"B\u00f6y\u00fck idman u\u011furlar\u0131n\u0131n t\u0259m\u0259lind\u0259 ard\u0131c\u0131l d\u00f6vl\u0259t siyas\u0259ti dayan\u0131r - Cari.az","og_description":"\u0130ctimai h\u0259yat\u0131n b\u00fct\u00fcn sah\u0259l\u0259rind\u0259 oldu\u011fu kimi, idmanda qazan\u0131lan u\u011furlar da yaln\u0131z o zaman davaml\u0131 xarakter da\u015f\u0131y\u0131r ki, idman\u00e7\u0131","og_url":"https:\/\/cari.az\/?p=7621","og_site_name":"Cari.az","article_published_time":"2026-04-30T15:04:00+00:00","article_modified_time":"2026-04-30T15:04:02+00:00","og_image":[{"width":700,"height":459,"url":"http:\/\/cari.az\/wp-content\/uploads\/2026\/04\/ulviquliyev.jpg","type":"image\/jpeg"}],"author":"Cari.az","twitter_card":"summary_large_image","twitter_misc":{"Written by":"Cari.az","Est. reading time":"3 minutes"},"schema":{"@context":"https:\/\/schema.org","@graph":[{"@type":"WebPage","@id":"https:\/\/cari.az\/?p=7621","url":"https:\/\/cari.az\/?p=7621","name":"B\u00f6y\u00fck idman u\u011furlar\u0131n\u0131n t\u0259m\u0259lind\u0259 ard\u0131c\u0131l d\u00f6vl\u0259t siyas\u0259ti dayan\u0131r - Cari.az","isPartOf":{"@id":"https:\/\/cari.az\/#website"},"primaryImageOfPage":{"@id":"https:\/\/cari.az\/?p=7621#primaryimage"},"image":{"@id":"https:\/\/cari.az\/?p=7621#primaryimage"},"thumbnailUrl":"https:\/\/cari.az\/wp-content\/uploads\/2026\/04\/ulviquliyev.jpg","datePublished":"2026-04-30T15:04:00+00:00","dateModified":"2026-04-30T15:04:02+00:00","author":{"@id":"https:\/\/cari.az\/#\/schema\/person\/e62b6d8f24db7344f8b69bb0282c707f"},"breadcrumb":{"@id":"https:\/\/cari.az\/?p=7621#breadcrumb"},"inLanguage":"az","potentialAction":[{"@type":"ReadAction","target":["https:\/\/cari.az\/?p=7621"]}]},{"@type":"ImageObject","inLanguage":"az","@id":"https:\/\/cari.az\/?p=7621#primaryimage","url":"https:\/\/cari.az\/wp-content\/uploads\/2026\/04\/ulviquliyev.jpg","contentUrl":"https:\/\/cari.az\/wp-content\/uploads\/2026\/04\/ulviquliyev.jpg","width":700,"height":459},{"@type":"BreadcrumbList","@id":"https:\/\/cari.az\/?p=7621#breadcrumb","itemListElement":[{"@type":"ListItem","position":1,"name":"Home","item":"https:\/\/cari.az\/"},{"@type":"ListItem","position":2,"name":"B\u00f6y\u00fck idman u\u011furlar\u0131n\u0131n t\u0259m\u0259lind\u0259 ard\u0131c\u0131l d\u00f6vl\u0259t siyas\u0259ti dayan\u0131r"}]},{"@type":"WebSite","@id":"https:\/\/cari.az\/#website","url":"https:\/\/cari.az\/","name":"Cari.az","description":"","potentialAction":[{"@type":"SearchAction","target":{"@type":"EntryPoint","urlTemplate":"https:\/\/cari.az\/?s={search_term_string}"},"query-input":"required name=search_term_string"}],"inLanguage":"az"},{"@type":"Person","@id":"https:\/\/cari.az\/#\/schema\/person\/e62b6d8f24db7344f8b69bb0282c707f","name":"Cari.az","image":{"@type":"ImageObject","inLanguage":"az","@id":"https:\/\/cari.az\/#\/schema\/person\/image\/","url":"https:\/\/secure.gravatar.com\/avatar\/492c8073cb40378886b9f79931f7d2ff?s=96&d=mm&r=g","contentUrl":"https:\/\/secure.gravatar.com\/avatar\/492c8073cb40378886b9f79931f7d2ff?s=96&d=mm&r=g","caption":"Cari.az"},"sameAs":["http:\/\/cari.az"],"url":"https:\/\/cari.az\/?author=1"}]}},"_links":{"self":[{"href":"https:\/\/cari.az\/index.php?rest_route=\/wp\/v2\/posts\/7621"}],"collection":[{"href":"https:\/\/cari.az\/index.php?rest_route=\/wp\/v2\/posts"}],"about":[{"href":"https:\/\/cari.az\/index.php?rest_route=\/wp\/v2\/types\/post"}],"author":[{"embeddable":true,"href":"https:\/\/cari.az\/index.php?rest_route=\/wp\/v2\/users\/1"}],"replies":[{"embeddable":true,"href":"https:\/\/cari.az\/index.php?rest_route=%2Fwp%2Fv2%2Fcomments&post=7621"}],"version-history":[{"count":1,"href":"https:\/\/cari.az\/index.php?rest_route=\/wp\/v2\/posts\/7621\/revisions"}],"predecessor-version":[{"id":7623,"href":"https:\/\/cari.az\/index.php?rest_route=\/wp\/v2\/posts\/7621\/revisions\/7623"}],"wp:featuredmedia":[{"embeddable":true,"href":"https:\/\/cari.az\/index.php?rest_route=\/wp\/v2\/media\/7622"}],"wp:attachment":[{"href":"https:\/\/cari.az\/index.php?rest_route=%2Fwp%2Fv2%2Fmedia&parent=7621"}],"wp:term":[{"taxonomy":"category","embeddable":true,"href":"https:\/\/cari.az\/index.php?rest_route=%2Fwp%2Fv2%2Fcategories&post=7621"},{"taxonomy":"post_tag","embeddable":true,"href":"https:\/\/cari.az\/index.php?rest_route=%2Fwp%2Fv2%2Ftags&post=7621"}],"curies":[{"name":"wp","href":"https:\/\/api.w.org\/{rel}","templated":true}]}}